{"id":733,"date":"2023-08-14T11:34:45","date_gmt":"2023-08-14T14:34:45","guid":{"rendered":"https:\/\/pos-graduacao.uepb.edu.br\/profmat\/?p=733"},"modified":"2023-08-14T12:37:26","modified_gmt":"2023-08-14T15:37:26","slug":"convite-palestra-alguns-problemas-olimpicos-bacanas-carlos-augusto-tamm-gugu","status":"publish","type":"post","link":"https:\/\/pos-graduacao.uepb.edu.br\/profmat\/2023\/08\/14\/convite-palestra-alguns-problemas-olimpicos-bacanas-carlos-augusto-tamm-gugu\/","title":{"rendered":"Convite: Palestra &#8211; &#8220;Alguns Problemas Ol\u00edmpicos Bacanas&#8221; &#8211; Prof. Dr. Carlos Augusto Tamm (GUGU)"},"content":{"rendered":"<p><strong>\u00a0<\/strong><\/p>\n<p><img loading=\"lazy\" decoding=\"async\" class=\"wp-image-736 alignleft img-responsive\" src=\"https:\/\/pos-graduacao.uepb.edu.br\/profmat\/files\/2023\/08\/Cartaz-Atualizado-Palestra-GUGU-300x300.jpeg\" alt=\"\" width=\"515\" height=\"515\" srcset=\"https:\/\/pos-graduacao.uepb.edu.br\/profmat\/files\/2023\/08\/Cartaz-Atualizado-Palestra-GUGU-300x300.jpeg 300w, https:\/\/pos-graduacao.uepb.edu.br\/profmat\/files\/2023\/08\/Cartaz-Atualizado-Palestra-GUGU-796x796.jpeg 796w, https:\/\/pos-graduacao.uepb.edu.br\/profmat\/files\/2023\/08\/Cartaz-Atualizado-Palestra-GUGU.jpeg 1080w\" sizes=\"auto, (max-width: 515px) 100vw, 515px\" \/><\/p>\n<p>&nbsp;<\/p>\n<p style=\"text-align: right\">O PROFMAT convida a todos para participar da palestra\u00a0 &#8221; Alguns Problemas Ol\u00edmpicos Bacanas&#8221; do Professor Doutor Carlos Gustavo Tamm de Ara\u00fajo Moreira (GUGU) do Instituto de Matem\u00e1tica Pura e Aplicada &#8211; IMPA e Coordenador &#8211; Geral da Olimp\u00edada Brasileira de Matem\u00e1tica , a ser realizada em <strong>18 de agosto de 2023, \u00e0s 10h, no Audit\u00f3rio I da Central Acad\u00eamica Paulo Freire.<\/strong><\/p>\n<p style=\"text-align: right\">A palestra envolve t\u00f3picos como Aritm\u00e9tica, Combinat\u00f3ria e Geometria.<\/p>\n<p style=\"text-align: right\">Contamos com a presen\u00e7a\u00a0de\u00a0todos.<\/p>\n<p style=\"text-align: right\">Cordialmente,<\/p>\n<p style=\"text-align: right\">Coordena\u00e7\u00e3o PPGMAT\/UEPB<\/p>\n","protected":false},"excerpt":{"rendered":"<p>\u00a0 &nbsp; O PROFMAT convida a todos para participar da palestra\u00a0 &#8221; Alguns Problemas Ol\u00edmpicos Bacanas&#8221; do Professor Doutor Carlos Gustavo Tamm de Ara\u00fajo Moreira (GUGU) do Instituto de Matem\u00e1tica Pura e Aplicada &#8211; IMPA e Coordenador &#8211; Geral da Olimp\u00edada Brasileira de Matem\u00e1tica , a ser realizada em 18 de agosto de 2023, \u00e0s <a class=\"leiamais\" href=\"https:\/\/pos-graduacao.uepb.edu.br\/profmat\/2023\/08\/14\/convite-palestra-alguns-problemas-olimpicos-bacanas-carlos-augusto-tamm-gugu\/\">Leia Mais&#8230;<\/a><\/p>\n","protected":false},"author":73,"featured_media":0,"comment_status":"open","ping_status":"open","sticky":false,"template":"","format":"standard","meta":{"footnotes":""},"categories":[4],"tags":[],"class_list":["post-733","post","type-post","status-publish","format-standard","hentry","category-noticias"],"_links":{"self":[{"href":"https:\/\/pos-graduacao.uepb.edu.br\/profmat\/wp-json\/wp\/v2\/posts\/733","targetHints":{"allow":["GET"]}}],"collection":[{"href":"https:\/\/pos-graduacao.uepb.edu.br\/profmat\/wp-json\/wp\/v2\/posts"}],"about":[{"href":"https:\/\/pos-graduacao.uepb.edu.br\/profmat\/wp-json\/wp\/v2\/types\/post"}],"author":[{"embeddable":true,"href":"https:\/\/pos-graduacao.uepb.edu.br\/profmat\/wp-json\/wp\/v2\/users\/73"}],"replies":[{"embeddable":true,"href":"https:\/\/pos-graduacao.uepb.edu.br\/profmat\/wp-json\/wp\/v2\/comments?post=733"}],"version-history":[{"count":8,"href":"https:\/\/pos-graduacao.uepb.edu.br\/profmat\/wp-json\/wp\/v2\/posts\/733\/revisions"}],"predecessor-version":[{"id":742,"href":"https:\/\/pos-graduacao.uepb.edu.br\/profmat\/wp-json\/wp\/v2\/posts\/733\/revisions\/742"}],"wp:attachment":[{"href":"https:\/\/pos-graduacao.uepb.edu.br\/profmat\/wp-json\/wp\/v2\/media?parent=733"}],"wp:term":[{"taxonomy":"category","embeddable":true,"href":"https:\/\/pos-graduacao.uepb.edu.br\/profmat\/wp-json\/wp\/v2\/categories?post=733"},{"taxonomy":"post_tag","embeddable":true,"href":"https:\/\/pos-graduacao.uepb.edu.br\/profmat\/wp-json\/wp\/v2\/tags?post=733"}],"curies":[{"name":"wp","href":"https:\/\/api.w.org\/{rel}","templated":true}]}}