{"id":718,"date":"2023-07-25T11:46:10","date_gmt":"2023-07-25T14:46:10","guid":{"rendered":"https:\/\/pos-graduacao.uepb.edu.br\/profmat\/?p=718"},"modified":"2023-07-25T11:46:42","modified_gmt":"2023-07-25T14:46:42","slug":"convite-defesa-de-dissertacao-gleyton-lira-de-freitas","status":"publish","type":"post","link":"https:\/\/pos-graduacao.uepb.edu.br\/profmat\/2023\/07\/25\/convite-defesa-de-dissertacao-gleyton-lira-de-freitas\/","title":{"rendered":"Convite: Defesa de Disserta\u00e7\u00e3o &#8211; Gleyton Lira de Freitas"},"content":{"rendered":"<p style=\"text-align: center\"><strong>DEFESA DE DISSERTA\u00c7\u00c3O DE MESTRADO<\/strong><\/p>\n<p><strong>\u00a0<\/strong><\/p>\n<p style=\"text-align: center\"><strong>Mestrado Profissional em Matem\u00e1tica em Rede Nacional<\/strong><\/p>\n<p style=\"text-align: center\"><strong>PROFMAT<\/strong><\/p>\n<p>&nbsp;<\/p>\n<p>&nbsp;<\/p>\n<p>&nbsp;<\/p>\n<p>O Programa de P\u00f3s-Gradua\u00e7\u00e3o em Matem\u00e1tica da Universidade Estadual da Para\u00edba (PPGMat\/UEPB) tem a satisfa\u00e7\u00e3o em convid\u00e1-los a participar da seguinte defesa p\u00fablica de Disserta\u00e7\u00e3o de Mestrado:<\/p>\n<p>&nbsp;<\/p>\n<p>&nbsp;<\/p>\n<p><strong>T\u00edtulo da Disserta\u00e7\u00e3o<\/strong>: \u00a0Uma abordagem da mudan\u00e7a de coordenadas com o aux\u00edlio dos n\u00fameros complexos e aplica\u00e7\u00f5es.<br \/>\n<strong>Aluno<\/strong>:\u00a0 Gleyton Lira de Freitas<br \/>\n<strong>Data:<\/strong> 18\/08\/2023 \u2013 15:00h (hor\u00e1rio de Bras\u00edlia)<br \/>\n<strong>Local:<\/strong> Primeiro Audit\u00f3rio do CCT \u2013 Complexo de Laborat\u00f3rios Mar\u00e1<\/p>\n<p>&nbsp;<\/p>\n<p>&nbsp;<\/p>\n<p><strong>Banca\u00a0Examinadora:<\/strong><\/p>\n<p>&nbsp;<\/p>\n<p>1) Francisco Sib\u00e9rio Bezerra Albuquerque (UEPB) \u2013 Orientador \u2013 Membro interno<\/p>\n<p>2) Luciana Roze de Freitas (UEPB) &#8211; Membro interno<\/p>\n<p>3) Marcelo Carvalho Ferreira (UFCG) &#8211; Membro externo<\/p>\n<p>4) Emanuela R\u00e9gia de Sousa Coelho (UEPB) &#8211; Suplente Interno<\/p>\n<p>5) Denilson da Silva Pereira (UFCG) &#8211; Suplente externo<\/p>\n<p>&nbsp;<\/p>\n<p>&nbsp;<\/p>\n<p>Contamos com a presen\u00e7a\u00a0de\u00a0todos.<\/p>\n<p>&nbsp;<\/p>\n<p>&nbsp;<\/p>\n<p>Cordialmente,<\/p>\n<p>Coordena\u00e7\u00e3o PPGMAT\/UEPB<\/p>\n","protected":false},"excerpt":{"rendered":"<p>DEFESA DE DISSERTA\u00c7\u00c3O DE MESTRADO \u00a0 Mestrado Profissional em Matem\u00e1tica em Rede Nacional PROFMAT &nbsp; &nbsp; &nbsp; O Programa de P\u00f3s-Gradua\u00e7\u00e3o em Matem\u00e1tica da Universidade Estadual da Para\u00edba (PPGMat\/UEPB) tem a satisfa\u00e7\u00e3o em convid\u00e1-los a participar da seguinte defesa p\u00fablica de Disserta\u00e7\u00e3o de Mestrado: &nbsp; &nbsp; T\u00edtulo da Disserta\u00e7\u00e3o: \u00a0Uma abordagem da mudan\u00e7a de coordenadas <a class=\"leiamais\" href=\"https:\/\/pos-graduacao.uepb.edu.br\/profmat\/2023\/07\/25\/convite-defesa-de-dissertacao-gleyton-lira-de-freitas\/\">Leia Mais&#8230;<\/a><\/p>\n","protected":false},"author":73,"featured_media":0,"comment_status":"open","ping_status":"open","sticky":false,"template":"","format":"standard","meta":{"footnotes":""},"categories":[4],"tags":[],"class_list":["post-718","post","type-post","status-publish","format-standard","hentry","category-noticias"],"_links":{"self":[{"href":"https:\/\/pos-graduacao.uepb.edu.br\/profmat\/wp-json\/wp\/v2\/posts\/718","targetHints":{"allow":["GET"]}}],"collection":[{"href":"https:\/\/pos-graduacao.uepb.edu.br\/profmat\/wp-json\/wp\/v2\/posts"}],"about":[{"href":"https:\/\/pos-graduacao.uepb.edu.br\/profmat\/wp-json\/wp\/v2\/types\/post"}],"author":[{"embeddable":true,"href":"https:\/\/pos-graduacao.uepb.edu.br\/profmat\/wp-json\/wp\/v2\/users\/73"}],"replies":[{"embeddable":true,"href":"https:\/\/pos-graduacao.uepb.edu.br\/profmat\/wp-json\/wp\/v2\/comments?post=718"}],"version-history":[{"count":1,"href":"https:\/\/pos-graduacao.uepb.edu.br\/profmat\/wp-json\/wp\/v2\/posts\/718\/revisions"}],"predecessor-version":[{"id":719,"href":"https:\/\/pos-graduacao.uepb.edu.br\/profmat\/wp-json\/wp\/v2\/posts\/718\/revisions\/719"}],"wp:attachment":[{"href":"https:\/\/pos-graduacao.uepb.edu.br\/profmat\/wp-json\/wp\/v2\/media?parent=718"}],"wp:term":[{"taxonomy":"category","embeddable":true,"href":"https:\/\/pos-graduacao.uepb.edu.br\/profmat\/wp-json\/wp\/v2\/categories?post=718"},{"taxonomy":"post_tag","embeddable":true,"href":"https:\/\/pos-graduacao.uepb.edu.br\/profmat\/wp-json\/wp\/v2\/tags?post=718"}],"curies":[{"name":"wp","href":"https:\/\/api.w.org\/{rel}","templated":true}]}}