{"id":716,"date":"2023-07-25T11:41:43","date_gmt":"2023-07-25T14:41:43","guid":{"rendered":"https:\/\/pos-graduacao.uepb.edu.br\/profmat\/?p=716"},"modified":"2023-07-25T11:41:43","modified_gmt":"2023-07-25T14:41:43","slug":"convite-defesa-de-dissertacao-allyson-medeiros-gabriel","status":"publish","type":"post","link":"https:\/\/pos-graduacao.uepb.edu.br\/profmat\/2023\/07\/25\/convite-defesa-de-dissertacao-allyson-medeiros-gabriel\/","title":{"rendered":"Convite: Defesa de Disserta\u00e7\u00e3o &#8211; Allyson Medeiros Gabriel"},"content":{"rendered":"<p style=\"text-align: center\">DEFESA DE DISSERTA\u00c7\u00c3O DE MESTRADO<\/p>\n<p>&nbsp;<\/p>\n<p style=\"text-align: center\">Mestrado Profissional em Matem\u00e1tica em Rede Nacional<br \/>\nPROFMAT<\/p>\n<p>&nbsp;<\/p>\n<p>O Programa de P\u00f3s-Gradua\u00e7\u00e3o em Matem\u00e1tica da Universidade Estadual da Para\u00edba (PPGMat\/UEPB) tem a satisfa\u00e7\u00e3o em convid\u00e1-los a participar da seguinte defesa p\u00fablica de Disserta\u00e7\u00e3o de Mestrado:<\/p>\n<p>&nbsp;<\/p>\n<p>T\u00edtulo da Disserta\u00e7\u00e3o: Completando a reta real: n\u00fameros irracionais em sala de aula numa perspectiva investigativa.<br \/>\nAluno: Allyson Medeiros Gabriel<br \/>\nData: 22\/08\/2023 \u2013 15:00h (hor\u00e1rio de Bras\u00edlia)<br \/>\nLocal: Primeiro Audit\u00f3rio do CCT \u2013 Complexo de Laborat\u00f3rios Mar\u00e1<\/p>\n<p>&nbsp;<\/p>\n<p>Banca Examinadora:<\/p>\n<p>1) Emanuela R\u00e9gia de Sousa Coelho (UEPB) \u2013 Orientadora \u2013 Membro interno<br \/>\n2) Luciana Roze de Freitas (UEPB) &#8211; Membro interno<br \/>\n3) Giovana Higinio de Souza (IFMT) &#8211; Membro externo<br \/>\n4) Aldo Trajano Louredo (UEPB) &#8211; Suplente interno<br \/>\n5) Leomaques Francisco Silva Bernardo (UFCG) &#8211; Suplente externo<\/p>\n<p>&nbsp;<\/p>\n<p>Contamos com a presen\u00e7a de todos.<\/p>\n<p>&nbsp;<\/p>\n<p>Cordialmente,<br \/>\nCoordena\u00e7\u00e3o PPGMAT\/UEPB<\/p>\n","protected":false},"excerpt":{"rendered":"<p>DEFESA DE DISSERTA\u00c7\u00c3O DE MESTRADO &nbsp; Mestrado Profissional em Matem\u00e1tica em Rede Nacional PROFMAT &nbsp; O Programa de P\u00f3s-Gradua\u00e7\u00e3o em Matem\u00e1tica da Universidade Estadual da Para\u00edba (PPGMat\/UEPB) tem a satisfa\u00e7\u00e3o em convid\u00e1-los a participar da seguinte defesa p\u00fablica de Disserta\u00e7\u00e3o de Mestrado: &nbsp; T\u00edtulo da Disserta\u00e7\u00e3o: Completando a reta real: n\u00fameros irracionais em sala de <a class=\"leiamais\" href=\"https:\/\/pos-graduacao.uepb.edu.br\/profmat\/2023\/07\/25\/convite-defesa-de-dissertacao-allyson-medeiros-gabriel\/\">Leia Mais&#8230;<\/a><\/p>\n","protected":false},"author":73,"featured_media":0,"comment_status":"open","ping_status":"open","sticky":false,"template":"","format":"standard","meta":{"footnotes":""},"categories":[4],"tags":[],"class_list":["post-716","post","type-post","status-publish","format-standard","hentry","category-noticias"],"_links":{"self":[{"href":"https:\/\/pos-graduacao.uepb.edu.br\/profmat\/wp-json\/wp\/v2\/posts\/716","targetHints":{"allow":["GET"]}}],"collection":[{"href":"https:\/\/pos-graduacao.uepb.edu.br\/profmat\/wp-json\/wp\/v2\/posts"}],"about":[{"href":"https:\/\/pos-graduacao.uepb.edu.br\/profmat\/wp-json\/wp\/v2\/types\/post"}],"author":[{"embeddable":true,"href":"https:\/\/pos-graduacao.uepb.edu.br\/profmat\/wp-json\/wp\/v2\/users\/73"}],"replies":[{"embeddable":true,"href":"https:\/\/pos-graduacao.uepb.edu.br\/profmat\/wp-json\/wp\/v2\/comments?post=716"}],"version-history":[{"count":1,"href":"https:\/\/pos-graduacao.uepb.edu.br\/profmat\/wp-json\/wp\/v2\/posts\/716\/revisions"}],"predecessor-version":[{"id":717,"href":"https:\/\/pos-graduacao.uepb.edu.br\/profmat\/wp-json\/wp\/v2\/posts\/716\/revisions\/717"}],"wp:attachment":[{"href":"https:\/\/pos-graduacao.uepb.edu.br\/profmat\/wp-json\/wp\/v2\/media?parent=716"}],"wp:term":[{"taxonomy":"category","embeddable":true,"href":"https:\/\/pos-graduacao.uepb.edu.br\/profmat\/wp-json\/wp\/v2\/categories?post=716"},{"taxonomy":"post_tag","embeddable":true,"href":"https:\/\/pos-graduacao.uepb.edu.br\/profmat\/wp-json\/wp\/v2\/tags?post=716"}],"curies":[{"name":"wp","href":"https:\/\/api.w.org\/{rel}","templated":true}]}}