{"id":704,"date":"2023-07-19T09:18:46","date_gmt":"2023-07-19T12:18:46","guid":{"rendered":"https:\/\/pos-graduacao.uepb.edu.br\/profmat\/?p=704"},"modified":"2023-07-25T11:56:34","modified_gmt":"2023-07-25T14:56:34","slug":"convite-defesa-de-dissertacao-evanduir-pereira-da-silva-junior","status":"publish","type":"post","link":"https:\/\/pos-graduacao.uepb.edu.br\/profmat\/2023\/07\/19\/convite-defesa-de-dissertacao-evanduir-pereira-da-silva-junior\/","title":{"rendered":"Convite: Defesa de Disserta\u00e7\u00e3o &#8211; Evanduir Pereira da Silva J\u00fanior"},"content":{"rendered":"<p>Convite defesa de Disserta\u00e7\u00e3o &#8211; Evanduir Pereira da Silva J\u00fanior<\/p>\n<p>&nbsp;<\/p>\n<p style=\"text-align: center\">DEFESA DE DISSERTA\u00c7\u00c3O DE MESTRADO<\/p>\n<p>&nbsp;<\/p>\n<p style=\"text-align: center\">Mestrado Profissional em Matem\u00e1tica em Rede Nacional<br \/>\nPROFMAT<\/p>\n<p>&nbsp;<\/p>\n<p>&nbsp;<\/p>\n<p>O Programa de P\u00f3s-Gradua\u00e7\u00e3o em Matem\u00e1tica da Universidade Estadual da Para\u00edba (PPGMat\/UEPB) tem a satisfa\u00e7\u00e3o em convid\u00e1-los a participar da seguinte defesa p\u00fablica de Disserta\u00e7\u00e3o de Mestrado:<\/p>\n<p>&nbsp;<\/p>\n<p>&nbsp;<\/p>\n<p>&nbsp;<\/p>\n<p>&nbsp;<\/p>\n<p>T\u00edtulo da Disserta\u00e7\u00e3o: O Uso do Tangram na EJA<br \/>\nAluno: Evanduir Pereira da Silva Junior<br \/>\nData: 04\/08\/2023 \u2013 10:00h (hor\u00e1rio de Bras\u00edlia)<br \/>\nLocal: Primeiro Audit\u00f3rio do CCT \u2013 Complexo de Laborat\u00f3rios Mar\u00e1<\/p>\n<p>&nbsp;<\/p>\n<p>&nbsp;<\/p>\n<p>&nbsp;<\/p>\n<p>Banca Examinadora:<\/p>\n<p>&nbsp;<\/p>\n<p>1) Divanilda Maia Esteves (UEPB) \u2013 Orientador \u2013 Membro interno<br \/>\n2) Luciana Roze de Freitas (UEPB) &#8211; Membro interno<br \/>\n3) Jos\u00e9 Lindomberg Possiano Barreiros (UFCG) &#8211; Membro externo<br \/>\n4) Severino Hor\u00e1cio da Silva (UFCG) &#8211; Suplente externo<br \/>\n5) Silvio Fernando Alves Xavier Junior (UEPB) &#8211; Suplente interno<\/p>\n<p>&nbsp;<\/p>\n<p>Contamos com a presen\u00e7a de todos.<\/p>\n<p>&nbsp;<\/p>\n<p>&nbsp;<\/p>\n<p>Cordialmente,<\/p>\n<p>Coordena\u00e7\u00e3o PPGMAT\/UEPB<\/p>\n","protected":false},"excerpt":{"rendered":"<p>Convite defesa de Disserta\u00e7\u00e3o &#8211; Evanduir Pereira da Silva J\u00fanior &nbsp; DEFESA DE DISSERTA\u00c7\u00c3O DE MESTRADO &nbsp; Mestrado Profissional em Matem\u00e1tica em Rede Nacional PROFMAT &nbsp; &nbsp; O Programa de P\u00f3s-Gradua\u00e7\u00e3o em Matem\u00e1tica da Universidade Estadual da Para\u00edba (PPGMat\/UEPB) tem a satisfa\u00e7\u00e3o em convid\u00e1-los a participar da seguinte defesa p\u00fablica de Disserta\u00e7\u00e3o de Mestrado: &nbsp; <a class=\"leiamais\" href=\"https:\/\/pos-graduacao.uepb.edu.br\/profmat\/2023\/07\/19\/convite-defesa-de-dissertacao-evanduir-pereira-da-silva-junior\/\">Leia Mais&#8230;<\/a><\/p>\n","protected":false},"author":73,"featured_media":0,"comment_status":"open","ping_status":"open","sticky":false,"template":"","format":"standard","meta":{"footnotes":""},"categories":[4],"tags":[],"class_list":["post-704","post","type-post","status-publish","format-standard","hentry","category-noticias"],"_links":{"self":[{"href":"https:\/\/pos-graduacao.uepb.edu.br\/profmat\/wp-json\/wp\/v2\/posts\/704","targetHints":{"allow":["GET"]}}],"collection":[{"href":"https:\/\/pos-graduacao.uepb.edu.br\/profmat\/wp-json\/wp\/v2\/posts"}],"about":[{"href":"https:\/\/pos-graduacao.uepb.edu.br\/profmat\/wp-json\/wp\/v2\/types\/post"}],"author":[{"embeddable":true,"href":"https:\/\/pos-graduacao.uepb.edu.br\/profmat\/wp-json\/wp\/v2\/users\/73"}],"replies":[{"embeddable":true,"href":"https:\/\/pos-graduacao.uepb.edu.br\/profmat\/wp-json\/wp\/v2\/comments?post=704"}],"version-history":[{"count":4,"href":"https:\/\/pos-graduacao.uepb.edu.br\/profmat\/wp-json\/wp\/v2\/posts\/704\/revisions"}],"predecessor-version":[{"id":720,"href":"https:\/\/pos-graduacao.uepb.edu.br\/profmat\/wp-json\/wp\/v2\/posts\/704\/revisions\/720"}],"wp:attachment":[{"href":"https:\/\/pos-graduacao.uepb.edu.br\/profmat\/wp-json\/wp\/v2\/media?parent=704"}],"wp:term":[{"taxonomy":"category","embeddable":true,"href":"https:\/\/pos-graduacao.uepb.edu.br\/profmat\/wp-json\/wp\/v2\/categories?post=704"},{"taxonomy":"post_tag","embeddable":true,"href":"https:\/\/pos-graduacao.uepb.edu.br\/profmat\/wp-json\/wp\/v2\/tags?post=704"}],"curies":[{"name":"wp","href":"https:\/\/api.w.org\/{rel}","templated":true}]}}