{"id":617,"date":"2022-12-19T19:29:48","date_gmt":"2022-12-19T22:29:48","guid":{"rendered":"https:\/\/pos-graduacao.uepb.edu.br\/profmat\/?p=617"},"modified":"2022-12-19T19:29:48","modified_gmt":"2022-12-19T22:29:48","slug":"coordenacao-do-profmat-uepb-realiza-terceira-chamada-para-turma-2023","status":"publish","type":"post","link":"https:\/\/pos-graduacao.uepb.edu.br\/profmat\/2022\/12\/19\/coordenacao-do-profmat-uepb-realiza-terceira-chamada-para-turma-2023\/","title":{"rendered":"Coordena\u00e7\u00e3o do PROFMAT\/UEPB realiza terceira chamada para turma 2023"},"content":{"rendered":"<p>A Coordena\u00e7\u00e3o do Mestrado Profissional em Rede Nacional da Universidade Estadual da Para\u00edba PROFMAT\/UEPB, devido a uma vaga extra oferecida pela coordena\u00e7\u00e3o nacional do PROFMAT, convoca o candidato <strong>Denilson Duarte de Carvalho<\/strong>, vig\u00e9simo terceiro colocado,\u00a0 para compor a turma 2023. Ao tempo, a Coordena\u00e7\u00e3o do Profmat\/UEPB informa que o per\u00edodo de matr\u00edcula para esta vaga ser\u00e1 dia <strong>21 de dezembro de 2022<\/strong> na Central Acad\u00eamica Paulo Freire, 3\u00b0 andar, sala 327, Campus I UEPB, de <strong>07h \u00e0s 12h.<\/strong><\/p>\n<p>Documenta\u00e7\u00e3o necess\u00e1ria para a matr\u00edcula:<br \/>\n\u2013 RG;<br \/>\n\u2013 CPF;<br \/>\n\u2013 T\u00edtulo de eleitor;<br \/>\n\u2013 Comprovante de resid\u00eancia;<br \/>\n\u2013 Diploma ou certificado de conclus\u00e3o do curso de gradua\u00e7\u00e3o;<br \/>\n\u2013 Curr\u00edculo na Plataforma de Educa\u00e7\u00e3o B\u00e1sica (<a href=\"https:\/\/eb.capes.gov.br\/portal\/\" target=\"_blank\" rel=\"noopener\" data-saferedirecturl=\"https:\/\/www.google.com\/url?q=https:\/\/eb.capes.gov.br\/portal\/&amp;source=gmail&amp;ust=1670942865030000&amp;usg=AOvVaw0MfFKdSFoBRy58Pzb9DK-v\">https:\/\/eb.capes.gov.br\/portal\/<\/a>);<br \/>\n\u2013 Formul\u00e1rio de matr\u00edcula;<br \/>\n\u2013 Comprovante que se encontra atuando na doc\u00eancia de Matem\u00e1tica na Educa\u00e7\u00e3o B\u00e1sica, por meio de declara\u00e7\u00e3o do Diretor da escola, ou quem legalmente o substitua, com firma reconhecida e data anterior m\u00e1xima de 30 dias, vedada a auto declara\u00e7\u00e3o, sendo dispensado o reconhecimento de firma se Diretor de escola da rede p\u00fablica (caso n\u00e3o ocorra essa comprova\u00e7\u00e3o, o candidato ser\u00e1 desclassificado do certame, sem direito a devolu\u00e7\u00e3o da taxa de inscri\u00e7\u00e3o).<br \/>\n\u2013 Todo candidato classificado que no ato da inscri\u00e7\u00e3o declarou ser professor da rede p\u00fablica da Educa\u00e7\u00e3o B\u00e1sica ter\u00e1 que comprovar esse fato no ato da matr\u00edcula, por meio de Contracheque ou Declara\u00e7\u00e3o da Secretaria de Educa\u00e7\u00e3o (Estadual ou Municipal) com data anterior m\u00e1xima de 30 dias ou Ato de Nomea\u00e7\u00e3o no Di\u00e1rio Oficial (caso n\u00e3o ocorra essa comprova\u00e7\u00e3o, o candidato ser\u00e1 desclassificado do certame, sem direito a devolu\u00e7\u00e3o da taxa de inscri\u00e7\u00e3o)<\/p>\n<p>Qualquer d\u00favida entrar em contato atrav\u00e9s do e-mail: profmat@setor.uepb.edu.br ou pelo telefone 3344-5332<\/p>\n<p>Atenciosamente,<br \/>\nProf. Dr. Aldo Trajano Lour\u00eado<br \/>\nCoordenador do Profmat UEPB<\/p>\n","protected":false},"excerpt":{"rendered":"<p>A Coordena\u00e7\u00e3o do Mestrado Profissional em Rede Nacional da Universidade Estadual da Para\u00edba PROFMAT\/UEPB, devido a uma vaga extra oferecida pela coordena\u00e7\u00e3o nacional do PROFMAT, convoca o candidato Denilson Duarte de Carvalho, vig\u00e9simo terceiro colocado,\u00a0 para compor a turma 2023. Ao tempo, a Coordena\u00e7\u00e3o do Profmat\/UEPB informa que o per\u00edodo de matr\u00edcula para esta vaga <a class=\"leiamais\" href=\"https:\/\/pos-graduacao.uepb.edu.br\/profmat\/2022\/12\/19\/coordenacao-do-profmat-uepb-realiza-terceira-chamada-para-turma-2023\/\">Leia Mais&#8230;<\/a><\/p>\n","protected":false},"author":65,"featured_media":0,"comment_status":"open","ping_status":"open","sticky":false,"template":"","format":"standard","meta":{"footnotes":""},"categories":[4],"tags":[],"class_list":["post-617","post","type-post","status-publish","format-standard","hentry","category-noticias"],"_links":{"self":[{"href":"https:\/\/pos-graduacao.uepb.edu.br\/profmat\/wp-json\/wp\/v2\/posts\/617","targetHints":{"allow":["GET"]}}],"collection":[{"href":"https:\/\/pos-graduacao.uepb.edu.br\/profmat\/wp-json\/wp\/v2\/posts"}],"about":[{"href":"https:\/\/pos-graduacao.uepb.edu.br\/profmat\/wp-json\/wp\/v2\/types\/post"}],"author":[{"embeddable":true,"href":"https:\/\/pos-graduacao.uepb.edu.br\/profmat\/wp-json\/wp\/v2\/users\/65"}],"replies":[{"embeddable":true,"href":"https:\/\/pos-graduacao.uepb.edu.br\/profmat\/wp-json\/wp\/v2\/comments?post=617"}],"version-history":[{"count":1,"href":"https:\/\/pos-graduacao.uepb.edu.br\/profmat\/wp-json\/wp\/v2\/posts\/617\/revisions"}],"predecessor-version":[{"id":618,"href":"https:\/\/pos-graduacao.uepb.edu.br\/profmat\/wp-json\/wp\/v2\/posts\/617\/revisions\/618"}],"wp:attachment":[{"href":"https:\/\/pos-graduacao.uepb.edu.br\/profmat\/wp-json\/wp\/v2\/media?parent=617"}],"wp:term":[{"taxonomy":"category","embeddable":true,"href":"https:\/\/pos-graduacao.uepb.edu.br\/profmat\/wp-json\/wp\/v2\/categories?post=617"},{"taxonomy":"post_tag","embeddable":true,"href":"https:\/\/pos-graduacao.uepb.edu.br\/profmat\/wp-json\/wp\/v2\/tags?post=617"}],"curies":[{"name":"wp","href":"https:\/\/api.w.org\/{rel}","templated":true}]}}