{"id":505,"date":"2022-01-12T11:37:50","date_gmt":"2022-01-12T14:37:50","guid":{"rendered":"https:\/\/pos-graduacao.uepb.edu.br\/profmat\/?p=505"},"modified":"2022-01-12T11:37:50","modified_gmt":"2022-01-12T14:37:50","slug":"coordenacao-do-profmat-convoca-candidato-para-a-turma-2022","status":"publish","type":"post","link":"https:\/\/pos-graduacao.uepb.edu.br\/profmat\/2022\/01\/12\/coordenacao-do-profmat-convoca-candidato-para-a-turma-2022\/","title":{"rendered":"Coordena\u00e7\u00e3o do PROFMAT convoca candidato para a turma 2022"},"content":{"rendered":"<p>A Coordena\u00e7\u00e3o do Mestrado Profissional em Rede Nacional da Universidade Estadual da Para\u00edba Profmat\/UEPB, devido ao n\u00e3o preenchimento de uma vaga ofertada para a turma 2022, convoca o candidato Mateus Alves de Oliveira aprovado em vig\u00e9simo primeiro lugar para compor a turma 2022. Ao tempo a Coordena\u00e7\u00e3o do Profmat\/UEPB informa que o per\u00edodo de matr\u00edcula ser\u00e1 no 14 de janeiro de 2022.<\/p>\n<p>Atenciosamente,<br \/>\nProf. Dr. Gustavo da Silva Ara\u00fajo<br \/>\nCoordenador Adj. do Profmat UEPB<\/p>\n","protected":false},"excerpt":{"rendered":"<p>A Coordena\u00e7\u00e3o do Mestrado Profissional em Rede Nacional da Universidade Estadual da Para\u00edba Profmat\/UEPB, devido ao n\u00e3o preenchimento de uma vaga ofertada para a turma 2022, convoca o candidato Mateus Alves de Oliveira aprovado em vig\u00e9simo primeiro lugar para compor a turma 2022. Ao tempo a Coordena\u00e7\u00e3o do Profmat\/UEPB informa que o per\u00edodo de matr\u00edcula <a class=\"leiamais\" href=\"https:\/\/pos-graduacao.uepb.edu.br\/profmat\/2022\/01\/12\/coordenacao-do-profmat-convoca-candidato-para-a-turma-2022\/\">Leia Mais&#8230;<\/a><\/p>\n","protected":false},"author":46,"featured_media":0,"comment_status":"open","ping_status":"open","sticky":false,"template":"","format":"standard","meta":{"footnotes":""},"categories":[4],"tags":[],"class_list":["post-505","post","type-post","status-publish","format-standard","hentry","category-noticias"],"_links":{"self":[{"href":"https:\/\/pos-graduacao.uepb.edu.br\/profmat\/wp-json\/wp\/v2\/posts\/505","targetHints":{"allow":["GET"]}}],"collection":[{"href":"https:\/\/pos-graduacao.uepb.edu.br\/profmat\/wp-json\/wp\/v2\/posts"}],"about":[{"href":"https:\/\/pos-graduacao.uepb.edu.br\/profmat\/wp-json\/wp\/v2\/types\/post"}],"author":[{"embeddable":true,"href":"https:\/\/pos-graduacao.uepb.edu.br\/profmat\/wp-json\/wp\/v2\/users\/46"}],"replies":[{"embeddable":true,"href":"https:\/\/pos-graduacao.uepb.edu.br\/profmat\/wp-json\/wp\/v2\/comments?post=505"}],"version-history":[{"count":5,"href":"https:\/\/pos-graduacao.uepb.edu.br\/profmat\/wp-json\/wp\/v2\/posts\/505\/revisions"}],"predecessor-version":[{"id":510,"href":"https:\/\/pos-graduacao.uepb.edu.br\/profmat\/wp-json\/wp\/v2\/posts\/505\/revisions\/510"}],"wp:attachment":[{"href":"https:\/\/pos-graduacao.uepb.edu.br\/profmat\/wp-json\/wp\/v2\/media?parent=505"}],"wp:term":[{"taxonomy":"category","embeddable":true,"href":"https:\/\/pos-graduacao.uepb.edu.br\/profmat\/wp-json\/wp\/v2\/categories?post=505"},{"taxonomy":"post_tag","embeddable":true,"href":"https:\/\/pos-graduacao.uepb.edu.br\/profmat\/wp-json\/wp\/v2\/tags?post=505"}],"curies":[{"name":"wp","href":"https:\/\/api.w.org\/{rel}","templated":true}]}}