{"id":466,"date":"2021-10-27T16:30:36","date_gmt":"2021-10-27T19:30:36","guid":{"rendered":"https:\/\/pos-graduacao.uepb.edu.br\/profmat\/?p=466"},"modified":"2021-10-27T16:34:09","modified_gmt":"2021-10-27T19:34:09","slug":"a-coordenacao-geral-do-profmat-reforca-a-necessidade-dos-candidatos-acessarem-o-site-para-validar-dados","status":"publish","type":"post","link":"https:\/\/pos-graduacao.uepb.edu.br\/profmat\/2021\/10\/27\/a-coordenacao-geral-do-profmat-reforca-a-necessidade-dos-candidatos-acessarem-o-site-para-validar-dados\/","title":{"rendered":"A coordena\u00e7\u00e3o geral do PROFMAT refor\u00e7a a necessidade dos candidatos acessem o site para validar dados"},"content":{"rendered":"<div class=\"gmail_default\">De acordo com o comunicado publicado no dia 15 de outubro de 2021, o sistema de inscri\u00e7\u00e3o do ENA sofreu um per\u00edodo de instabilidade devido a um problema interno no servidor.<\/div>\n<div class=\"gmail_default\"><\/div>\n<div class=\"gmail_default\">A equipe t\u00e9cnica conseguiu restabelecer o sistema no dia 15 de outubro, por\u00e9m algumas informa\u00e7\u00f5es dos candidatos precisam ser validadas no cadastro de inscri\u00e7\u00e3o por medida de seguran\u00e7a.<\/div>\n<div class=\"gmail_default\"><\/div>\n<div class=\"gmail_default\">Reiteramos que os candidatos acessem o sistema de inscri\u00e7\u00e3o para confirmar os dados de cadastro.<\/div>\n<div class=\"gmail_default\"><\/div>\n<div class=\"gmail_default\">O sistema de inscri\u00e7\u00e3o est\u00e1 dispon\u00edvel na p\u00e1gina:\u00a0<a href=\"https:\/\/ena.profmat-sbm.org.br\/\" target=\"_blank\" rel=\"noopener noreferrer\" data-saferedirecturl=\"https:\/\/www.google.com\/url?q=https:\/\/ena.profmat-sbm.org.br\/&amp;source=gmail&amp;ust=1635435956111000&amp;usg=AFQjCNF7TLuBYEppBt7DbZvkWgruG3V-Qw\">https:\/\/ena.profmat-sbm.org.br<\/a><\/div>\n","protected":false},"excerpt":{"rendered":"<p>De acordo com o comunicado publicado no dia 15 de outubro de 2021, o sistema de inscri\u00e7\u00e3o do ENA sofreu um per\u00edodo de instabilidade devido a um problema interno no servidor. A equipe t\u00e9cnica conseguiu restabelecer o sistema no dia 15 de outubro, por\u00e9m algumas informa\u00e7\u00f5es dos candidatos precisam ser validadas no cadastro de inscri\u00e7\u00e3o <a class=\"leiamais\" href=\"https:\/\/pos-graduacao.uepb.edu.br\/profmat\/2021\/10\/27\/a-coordenacao-geral-do-profmat-reforca-a-necessidade-dos-candidatos-acessarem-o-site-para-validar-dados\/\">Leia Mais&#8230;<\/a><\/p>\n","protected":false},"author":46,"featured_media":0,"comment_status":"open","ping_status":"open","sticky":false,"template":"","format":"standard","meta":{"footnotes":""},"categories":[4],"tags":[],"class_list":["post-466","post","type-post","status-publish","format-standard","hentry","category-noticias"],"_links":{"self":[{"href":"https:\/\/pos-graduacao.uepb.edu.br\/profmat\/wp-json\/wp\/v2\/posts\/466","targetHints":{"allow":["GET"]}}],"collection":[{"href":"https:\/\/pos-graduacao.uepb.edu.br\/profmat\/wp-json\/wp\/v2\/posts"}],"about":[{"href":"https:\/\/pos-graduacao.uepb.edu.br\/profmat\/wp-json\/wp\/v2\/types\/post"}],"author":[{"embeddable":true,"href":"https:\/\/pos-graduacao.uepb.edu.br\/profmat\/wp-json\/wp\/v2\/users\/46"}],"replies":[{"embeddable":true,"href":"https:\/\/pos-graduacao.uepb.edu.br\/profmat\/wp-json\/wp\/v2\/comments?post=466"}],"version-history":[{"count":3,"href":"https:\/\/pos-graduacao.uepb.edu.br\/profmat\/wp-json\/wp\/v2\/posts\/466\/revisions"}],"predecessor-version":[{"id":469,"href":"https:\/\/pos-graduacao.uepb.edu.br\/profmat\/wp-json\/wp\/v2\/posts\/466\/revisions\/469"}],"wp:attachment":[{"href":"https:\/\/pos-graduacao.uepb.edu.br\/profmat\/wp-json\/wp\/v2\/media?parent=466"}],"wp:term":[{"taxonomy":"category","embeddable":true,"href":"https:\/\/pos-graduacao.uepb.edu.br\/profmat\/wp-json\/wp\/v2\/categories?post=466"},{"taxonomy":"post_tag","embeddable":true,"href":"https:\/\/pos-graduacao.uepb.edu.br\/profmat\/wp-json\/wp\/v2\/tags?post=466"}],"curies":[{"name":"wp","href":"https:\/\/api.w.org\/{rel}","templated":true}]}}