{"id":386,"date":"2021-03-22T11:11:35","date_gmt":"2021-03-22T14:11:35","guid":{"rendered":"https:\/\/pos-graduacao.uepb.edu.br\/profmat\/?p=386"},"modified":"2021-03-22T11:11:35","modified_gmt":"2021-03-22T14:11:35","slug":"coordenacao-do-profmat-convoca-candidato-para-a-turma-2021","status":"publish","type":"post","link":"https:\/\/pos-graduacao.uepb.edu.br\/profmat\/2021\/03\/22\/coordenacao-do-profmat-convoca-candidato-para-a-turma-2021\/","title":{"rendered":"Coordena\u00e7\u00e3o do PROFMAT convoca candidato para a turma 2021"},"content":{"rendered":"<p>A Coordena\u00e7\u00e3o do Mestrado Profissional em Rede Nacional da Universidade Estadual da Para\u00edba Profmat\/UEPB, devido ao n\u00e3o preenchimento das vagas ofertadas para a turma 2021, convoca o candidato <strong>Wellington dos Santos Bastos<\/strong> aprovado em vig\u00e9simo primeiro lugar para compor a turma 2021. Ao tempo a Coordena\u00e7\u00e3o do Profmat\/UEPB informa que o per\u00edodo de matr\u00edcula ser\u00e1 nos dias <strong>24 e 25 de mar\u00e7o<\/strong>.<\/p>\n<div dir=\"auto\"><\/div>\n<div dir=\"auto\">Atenciosamente,<\/div>\n<div dir=\"auto\">Prof. Aldo Trajano Lour\u00eado<\/div>\n<div dir=\"auto\">Coordenador do Profmat UEPB<\/div>\n","protected":false},"excerpt":{"rendered":"<p>A Coordena\u00e7\u00e3o do Mestrado Profissional em Rede Nacional da Universidade Estadual da Para\u00edba Profmat\/UEPB, devido ao n\u00e3o preenchimento das vagas ofertadas para a turma 2021, convoca o candidato Wellington dos Santos Bastos aprovado em vig\u00e9simo primeiro lugar para compor a turma 2021. Ao tempo a Coordena\u00e7\u00e3o do Profmat\/UEPB informa que o per\u00edodo de matr\u00edcula ser\u00e1 <a class=\"leiamais\" href=\"https:\/\/pos-graduacao.uepb.edu.br\/profmat\/2021\/03\/22\/coordenacao-do-profmat-convoca-candidato-para-a-turma-2021\/\">Leia Mais&#8230;<\/a><\/p>\n","protected":false},"author":46,"featured_media":0,"comment_status":"open","ping_status":"open","sticky":false,"template":"","format":"standard","meta":{"footnotes":""},"categories":[4],"tags":[],"class_list":["post-386","post","type-post","status-publish","format-standard","hentry","category-noticias"],"_links":{"self":[{"href":"https:\/\/pos-graduacao.uepb.edu.br\/profmat\/wp-json\/wp\/v2\/posts\/386","targetHints":{"allow":["GET"]}}],"collection":[{"href":"https:\/\/pos-graduacao.uepb.edu.br\/profmat\/wp-json\/wp\/v2\/posts"}],"about":[{"href":"https:\/\/pos-graduacao.uepb.edu.br\/profmat\/wp-json\/wp\/v2\/types\/post"}],"author":[{"embeddable":true,"href":"https:\/\/pos-graduacao.uepb.edu.br\/profmat\/wp-json\/wp\/v2\/users\/46"}],"replies":[{"embeddable":true,"href":"https:\/\/pos-graduacao.uepb.edu.br\/profmat\/wp-json\/wp\/v2\/comments?post=386"}],"version-history":[{"count":1,"href":"https:\/\/pos-graduacao.uepb.edu.br\/profmat\/wp-json\/wp\/v2\/posts\/386\/revisions"}],"predecessor-version":[{"id":387,"href":"https:\/\/pos-graduacao.uepb.edu.br\/profmat\/wp-json\/wp\/v2\/posts\/386\/revisions\/387"}],"wp:attachment":[{"href":"https:\/\/pos-graduacao.uepb.edu.br\/profmat\/wp-json\/wp\/v2\/media?parent=386"}],"wp:term":[{"taxonomy":"category","embeddable":true,"href":"https:\/\/pos-graduacao.uepb.edu.br\/profmat\/wp-json\/wp\/v2\/categories?post=386"},{"taxonomy":"post_tag","embeddable":true,"href":"https:\/\/pos-graduacao.uepb.edu.br\/profmat\/wp-json\/wp\/v2\/tags?post=386"}],"curies":[{"name":"wp","href":"https:\/\/api.w.org\/{rel}","templated":true}]}}