{"id":373,"date":"2020-11-19T11:20:06","date_gmt":"2020-11-19T14:20:06","guid":{"rendered":"https:\/\/pos-graduacao.uepb.edu.br\/profmat\/?p=373"},"modified":"2020-11-19T11:20:06","modified_gmt":"2020-11-19T14:20:06","slug":"mestrado-profissional-em-matematica-em-rede-nacional-divulga-edital-de-selecao-ena-2021-com-oferta-de-20-vagas","status":"publish","type":"post","link":"https:\/\/pos-graduacao.uepb.edu.br\/profmat\/2020\/11\/19\/mestrado-profissional-em-matematica-em-rede-nacional-divulga-edital-de-selecao-ena-2021-com-oferta-de-20-vagas\/","title":{"rendered":"Mestrado Profissional em Matem\u00e1tica em Rede Nacional divulga edital de sele\u00e7\u00e3o (ENA 2021) com oferta de 20 vagas"},"content":{"rendered":"<p>Est\u00e3o abertas, de 19 de novembro at\u00e9 as 17h de 18 de dezembro, as inscri\u00e7\u00f5es para o Mestrado Profissional em Matem\u00e1tica da Rede Nacional (PROFMAT), com 20 vagas ofertadas para a Universidade Estadual da Para\u00edba (UEPB). A inscri\u00e7\u00e3o \u00e9 para a realiza\u00e7\u00e3o do Exame Nacional de Acesso, para ingresso no PROFMAT em 2021, e ser\u00e1 realizada via internet, na p\u00e1gina https:\/\/www.profmat-sbm.org.br\/.<\/p>\n<p>No ato do preenchimento do formul\u00e1rio eletr\u00f4nico de inscri\u00e7\u00e3o, o candidato dever\u00e1 informar os dados pessoais de identifica\u00e7\u00e3o e de contato, dados da sua forma\u00e7\u00e3o acad\u00eamica de gradua\u00e7\u00e3o, da sua atua\u00e7\u00e3o profissional e selecionar a Institui\u00e7\u00e3o Associada e o c\u00e2mpus da Institui\u00e7\u00e3o onde pretende realizar o Exame Nacional de Acesso. O Exame constar\u00e1 de provas on-line e presencial e cada institui\u00e7\u00e3o se compromete a tomar todos os devidos cuidados sanit\u00e1rios e a\u00e7\u00f5es para evitar aglomera\u00e7\u00e3o. A prova remota acontece no dia 9 de janeiro, enquanto a presencial, est\u00e1 marcada para o dia 30 do mesmo m\u00eas.<\/p>\n<p>Devido \u00e0 excepcionalidade da atual pandemia, n\u00e3o havendo possibilidade de prova presencial, ela ser\u00e1 substitu\u00edda por prova discursiva on-line. Por\u00e9m, os candidatos devem estar atentos a estas e outras informa\u00e7\u00f5es contidas no edital e seu cronograma, que ser\u00e3o divulgadas pela institui\u00e7\u00e3o associada e pelo PROFMAT. Poder\u00e3o se inscrever no exame, professores em exerc\u00edcio da doc\u00eancia de Matem\u00e1tica no ensino b\u00e1sico das redes p\u00fablica e privada, portadores de diploma de curso de gradua\u00e7\u00e3o reconhecido pelo Minist\u00e9rio da Educa\u00e7\u00e3o, em qualquer \u00e1rea, respeitando-se as normas de cada Institui\u00e7\u00e3o Associada.<\/p>\n<p>Sobre<\/p>\n<p>O PROFMAT \u00e9 um Programa de Mestrado semipresencial na \u00e1rea de Matem\u00e1tica com oferta nacional. \u00c9 formado por uma rede de Institui\u00e7\u00f5es de Ensino Superior, no contexto da Universidade Aberta do Brasil\/Coordena\u00e7\u00e3o de Aperfei\u00e7oamento Pessoal de N\u00edvel Superior (CAPES), e coordenado pela Sociedade Brasileira de Matem\u00e1tica (SBM), com apoio do Instituto de Matem\u00e1tica Pura e Aplicada (IMPA).<\/p>\n<p>O programa tem como objetivo proporcionar forma\u00e7\u00e3o matem\u00e1tica aprofundada relevante para o exerc\u00edcio da doc\u00eancia na Educa\u00e7\u00e3o B\u00e1sica, especialmente a professores de escolas p\u00fablicas, que busquem aprimoramento da forma\u00e7\u00e3o profissional. Este mestrado foi recomendado pela CAPES, reconhecido pelo Conselho Nacional de Educa\u00e7\u00e3o (CNE) e validado pelo Minist\u00e9rio da Educa\u00e7\u00e3o com nota 5 (nota m\u00e1xima para programas de mestrado). Informa\u00e7\u00f5es completas sobre este mestrado podem ser encontradas na p\u00e1gina do PROFMAT.<\/p>\n<p>Para demais informa\u00e7\u00f5es, confira o edital https:\/\/www.profmat-sbm.org.br\/2020\/11\/16\/edital-do-exame-nacional-de-acesso-ao-profmat-2021\/.<\/p>\n","protected":false},"excerpt":{"rendered":"<p>Est\u00e3o abertas, de 19 de novembro at\u00e9 as 17h de 18 de dezembro, as inscri\u00e7\u00f5es para o Mestrado Profissional em Matem\u00e1tica da Rede Nacional (PROFMAT), com 20 vagas ofertadas para a Universidade Estadual da Para\u00edba (UEPB). A inscri\u00e7\u00e3o \u00e9 para a realiza\u00e7\u00e3o do Exame Nacional de Acesso, para ingresso no PROFMAT em 2021, e ser\u00e1 <a class=\"leiamais\" href=\"https:\/\/pos-graduacao.uepb.edu.br\/profmat\/2020\/11\/19\/mestrado-profissional-em-matematica-em-rede-nacional-divulga-edital-de-selecao-ena-2021-com-oferta-de-20-vagas\/\">Leia Mais&#8230;<\/a><\/p>\n","protected":false},"author":46,"featured_media":0,"comment_status":"open","ping_status":"open","sticky":false,"template":"","format":"standard","meta":{"footnotes":""},"categories":[4],"tags":[],"class_list":["post-373","post","type-post","status-publish","format-standard","hentry","category-noticias"],"_links":{"self":[{"href":"https:\/\/pos-graduacao.uepb.edu.br\/profmat\/wp-json\/wp\/v2\/posts\/373","targetHints":{"allow":["GET"]}}],"collection":[{"href":"https:\/\/pos-graduacao.uepb.edu.br\/profmat\/wp-json\/wp\/v2\/posts"}],"about":[{"href":"https:\/\/pos-graduacao.uepb.edu.br\/profmat\/wp-json\/wp\/v2\/types\/post"}],"author":[{"embeddable":true,"href":"https:\/\/pos-graduacao.uepb.edu.br\/profmat\/wp-json\/wp\/v2\/users\/46"}],"replies":[{"embeddable":true,"href":"https:\/\/pos-graduacao.uepb.edu.br\/profmat\/wp-json\/wp\/v2\/comments?post=373"}],"version-history":[{"count":1,"href":"https:\/\/pos-graduacao.uepb.edu.br\/profmat\/wp-json\/wp\/v2\/posts\/373\/revisions"}],"predecessor-version":[{"id":375,"href":"https:\/\/pos-graduacao.uepb.edu.br\/profmat\/wp-json\/wp\/v2\/posts\/373\/revisions\/375"}],"wp:attachment":[{"href":"https:\/\/pos-graduacao.uepb.edu.br\/profmat\/wp-json\/wp\/v2\/media?parent=373"}],"wp:term":[{"taxonomy":"category","embeddable":true,"href":"https:\/\/pos-graduacao.uepb.edu.br\/profmat\/wp-json\/wp\/v2\/categories?post=373"},{"taxonomy":"post_tag","embeddable":true,"href":"https:\/\/pos-graduacao.uepb.edu.br\/profmat\/wp-json\/wp\/v2\/tags?post=373"}],"curies":[{"name":"wp","href":"https:\/\/api.w.org\/{rel}","templated":true}]}}