{"id":370,"date":"2020-03-02T09:39:04","date_gmt":"2020-03-02T12:39:04","guid":{"rendered":"https:\/\/pos-graduacao.uepb.edu.br\/profmat\/?p=370"},"modified":"2020-03-02T09:39:04","modified_gmt":"2020-03-02T12:39:04","slug":"defesa-de-dissertacao-raimundo-joao-dos-santos-junior","status":"publish","type":"post","link":"https:\/\/pos-graduacao.uepb.edu.br\/profmat\/2020\/03\/02\/defesa-de-dissertacao-raimundo-joao-dos-santos-junior\/","title":{"rendered":"Defesa de Disserta\u00e7\u00e3o &#8211; Raimundo Jo\u00e3o dos Santos J\u00fanior"},"content":{"rendered":"\r\n<p><strong>Programa de P\u00f3s-Gradua\u00e7\u00e3o em Matem\u00e1tica em Rede Nacional \u2013 PROFMAT<\/strong><\/p>\r\n\r\n\r\n\r\n<p><strong>DEFESA DE DISSERTA\u00c7\u00c3O DE MESTRADO<\/strong><\/p>\r\n\r\n\r\n\r\n<p><strong>ALUNO:<\/strong>&nbsp;Raimundo Jo\u00e3o dos Santos J\u00fanior<\/p>\r\n\r\n\r\n\r\n<p><strong>ORIENTADOR:<\/strong>&nbsp;Prof. Dr. Vandenberg Lopes Vieira<\/p>\r\n\r\n\r\n\r\n<p><strong>T\u00cdTULO DA DISSERTA\u00c7\u00c3O:<\/strong>&nbsp;N\u00fameros Perfeitos e Amigaveis<\/p>\r\n\r\n\r\n\r\n<p><strong>DATA DA DEFESA:<\/strong>\u00a006 de mar\u00e7o de 2020<br><strong>HOR\u00c1RIO:<\/strong>\u00a009:30h<br><strong>LOCAL:<\/strong>\u00a0No Audit\u00f3rio I, no Pr\u00e9dio da Central de Integra\u00e7\u00e3o Acad\u00eamica, da Universidade Estadual da Para\u00edba\/Campus I.<\/p>\r\n\r\n\r\n\r\n<p><strong>INTEGRANTES DA BANCA EXAMINADORA:<\/strong><\/p>\r\n\r\n\r\n\r\n<p>Prof. Dr. Vandenberg Lopes Vieira (DM-UEPB) \u2013 Orientador <\/p>\r\n\r\n\r\n\r\n<p>Prof\u00aa. Dr\u00aa. Maria Isabelle Silva Dias Yanes (DM-UEPB) &#8211; Membro interno <\/p>\r\n\r\n\r\n\r\n<p>Prof. Dr. Severino Hor\u00e1cio da Silva (UFCG) &#8211; Membro externo<\/p>\r\n","protected":false},"excerpt":{"rendered":"<p>Programa de P\u00f3s-Gradua\u00e7\u00e3o em Matem\u00e1tica em Rede Nacional \u2013 PROFMAT DEFESA DE DISSERTA\u00c7\u00c3O DE MESTRADO ALUNO:&nbsp;Raimundo Jo\u00e3o dos Santos J\u00fanior ORIENTADOR:&nbsp;Prof. Dr. Vandenberg Lopes Vieira T\u00cdTULO DA DISSERTA\u00c7\u00c3O:&nbsp;N\u00fameros Perfeitos e Amigaveis DATA DA DEFESA:\u00a006 de mar\u00e7o de 2020HOR\u00c1RIO:\u00a009:30hLOCAL:\u00a0No Audit\u00f3rio I, no Pr\u00e9dio da Central de Integra\u00e7\u00e3o Acad\u00eamica, da Universidade Estadual da Para\u00edba\/Campus I. INTEGRANTES DA <a class=\"leiamais\" href=\"https:\/\/pos-graduacao.uepb.edu.br\/profmat\/2020\/03\/02\/defesa-de-dissertacao-raimundo-joao-dos-santos-junior\/\">Leia Mais&#8230;<\/a><\/p>\n","protected":false},"author":46,"featured_media":0,"comment_status":"open","ping_status":"open","sticky":false,"template":"","format":"standard","meta":{"footnotes":""},"categories":[4],"tags":[],"class_list":["post-370","post","type-post","status-publish","format-standard","hentry","category-noticias"],"_links":{"self":[{"href":"https:\/\/pos-graduacao.uepb.edu.br\/profmat\/wp-json\/wp\/v2\/posts\/370","targetHints":{"allow":["GET"]}}],"collection":[{"href":"https:\/\/pos-graduacao.uepb.edu.br\/profmat\/wp-json\/wp\/v2\/posts"}],"about":[{"href":"https:\/\/pos-graduacao.uepb.edu.br\/profmat\/wp-json\/wp\/v2\/types\/post"}],"author":[{"embeddable":true,"href":"https:\/\/pos-graduacao.uepb.edu.br\/profmat\/wp-json\/wp\/v2\/users\/46"}],"replies":[{"embeddable":true,"href":"https:\/\/pos-graduacao.uepb.edu.br\/profmat\/wp-json\/wp\/v2\/comments?post=370"}],"version-history":[{"count":1,"href":"https:\/\/pos-graduacao.uepb.edu.br\/profmat\/wp-json\/wp\/v2\/posts\/370\/revisions"}],"predecessor-version":[{"id":371,"href":"https:\/\/pos-graduacao.uepb.edu.br\/profmat\/wp-json\/wp\/v2\/posts\/370\/revisions\/371"}],"wp:attachment":[{"href":"https:\/\/pos-graduacao.uepb.edu.br\/profmat\/wp-json\/wp\/v2\/media?parent=370"}],"wp:term":[{"taxonomy":"category","embeddable":true,"href":"https:\/\/pos-graduacao.uepb.edu.br\/profmat\/wp-json\/wp\/v2\/categories?post=370"},{"taxonomy":"post_tag","embeddable":true,"href":"https:\/\/pos-graduacao.uepb.edu.br\/profmat\/wp-json\/wp\/v2\/tags?post=370"}],"curies":[{"name":"wp","href":"https:\/\/api.w.org\/{rel}","templated":true}]}}