{"id":361,"date":"2019-12-11T08:36:23","date_gmt":"2019-12-11T10:36:23","guid":{"rendered":"https:\/\/pos-graduacao.uepb.edu.br\/profmat\/?p=361"},"modified":"2019-12-12T08:56:27","modified_gmt":"2019-12-12T10:56:27","slug":"defesa-de-dissertacao-maxwell-aires-silva","status":"publish","type":"post","link":"https:\/\/pos-graduacao.uepb.edu.br\/profmat\/2019\/12\/11\/defesa-de-dissertacao-maxwell-aires-silva\/","title":{"rendered":"Defesa de Disserta\u00e7\u00e3o &#8211; Maxwell Aires da Silva"},"content":{"rendered":"\r\n<p><strong>Programa de P\u00f3s-Gradua\u00e7\u00e3o em Matem\u00e1tica em Rede Nacional \u2013 PROFMAT<\/strong><\/p>\r\n\r\n\r\n\r\n<p><strong>DEFESA DE DISSERTA\u00c7\u00c3O DE MESTRADO<\/strong><\/p>\r\n\r\n\r\n\r\n<p><strong>ALUNO:<\/strong>&nbsp;Maxswell Aires da Silva<\/p>\r\n\r\n\r\n\r\n<p><strong>ORIENTADOR:<\/strong>&nbsp;Prof\u00aa. Dr\u00aa. Maria Isabelle Silva Dias Yanes<\/p>\r\n\r\n\r\n\r\n<p><strong>T\u00cdTULO DA DISSERTA\u00c7\u00c3O:<\/strong>&nbsp;Equa\u00e7\u00f5es que reverberam: Compreendendo o funcionamento do ouvido humano<\/p>\r\n\r\n\r\n\r\n<p><strong>DATA DA DEFESA:<\/strong>\u00a016 de dezembro de 2019<br><strong>HOR\u00c1RIO:<\/strong>\u00a008h<br><strong>LOCAL:<\/strong>\u00a0No Audit\u00f3rio I, no Pr\u00e9dio da Central de Integra\u00e7\u00e3o Acad\u00eamica, da Universidade Estadual da Para\u00edba\/Campus I.<\/p>\r\n\r\n\r\n\r\n<p><strong>INTEGRANTES DA BANCA EXAMINADORA:<\/strong><\/p>\r\n\r\n\r\n\r\n<p>Prof\u00aa. Dr\u00aa. Maria Isabelle Silva Dias Yanes (DM-UEPB) \u2013 Orientadora <\/p>\r\n\r\n\r\n\r\n<p>Prof\u00aa. Dr\u00aa. Luciana Roze de Freitas (DM-UEPB) &#8211; Membro interno <\/p>\r\n\r\n\r\n\r\n<p>Prof\u00aa. Dr\u00aa. Claudilene Gomes da Costa (UFPB) &#8211; Membro externo<\/p>\r\n\r\n","protected":false},"excerpt":{"rendered":"<p>Programa de P\u00f3s-Gradua\u00e7\u00e3o em Matem\u00e1tica em Rede Nacional \u2013 PROFMAT DEFESA DE DISSERTA\u00c7\u00c3O DE MESTRADO ALUNO:&nbsp;Maxswell Aires da Silva ORIENTADOR:&nbsp;Prof\u00aa. Dr\u00aa. Maria Isabelle Silva Dias Yanes T\u00cdTULO DA DISSERTA\u00c7\u00c3O:&nbsp;Equa\u00e7\u00f5es que reverberam: Compreendendo o funcionamento do ouvido humano DATA DA DEFESA:\u00a016 de dezembro de 2019HOR\u00c1RIO:\u00a008hLOCAL:\u00a0No Audit\u00f3rio I, no Pr\u00e9dio da Central de Integra\u00e7\u00e3o Acad\u00eamica, da Universidade <a class=\"leiamais\" href=\"https:\/\/pos-graduacao.uepb.edu.br\/profmat\/2019\/12\/11\/defesa-de-dissertacao-maxwell-aires-silva\/\">Leia Mais&#8230;<\/a><\/p>\n","protected":false},"author":46,"featured_media":0,"comment_status":"open","ping_status":"open","sticky":false,"template":"","format":"standard","meta":{"footnotes":""},"categories":[4],"tags":[],"class_list":["post-361","post","type-post","status-publish","format-standard","hentry","category-noticias"],"_links":{"self":[{"href":"https:\/\/pos-graduacao.uepb.edu.br\/profmat\/wp-json\/wp\/v2\/posts\/361","targetHints":{"allow":["GET"]}}],"collection":[{"href":"https:\/\/pos-graduacao.uepb.edu.br\/profmat\/wp-json\/wp\/v2\/posts"}],"about":[{"href":"https:\/\/pos-graduacao.uepb.edu.br\/profmat\/wp-json\/wp\/v2\/types\/post"}],"author":[{"embeddable":true,"href":"https:\/\/pos-graduacao.uepb.edu.br\/profmat\/wp-json\/wp\/v2\/users\/46"}],"replies":[{"embeddable":true,"href":"https:\/\/pos-graduacao.uepb.edu.br\/profmat\/wp-json\/wp\/v2\/comments?post=361"}],"version-history":[{"count":2,"href":"https:\/\/pos-graduacao.uepb.edu.br\/profmat\/wp-json\/wp\/v2\/posts\/361\/revisions"}],"predecessor-version":[{"id":368,"href":"https:\/\/pos-graduacao.uepb.edu.br\/profmat\/wp-json\/wp\/v2\/posts\/361\/revisions\/368"}],"wp:attachment":[{"href":"https:\/\/pos-graduacao.uepb.edu.br\/profmat\/wp-json\/wp\/v2\/media?parent=361"}],"wp:term":[{"taxonomy":"category","embeddable":true,"href":"https:\/\/pos-graduacao.uepb.edu.br\/profmat\/wp-json\/wp\/v2\/categories?post=361"},{"taxonomy":"post_tag","embeddable":true,"href":"https:\/\/pos-graduacao.uepb.edu.br\/profmat\/wp-json\/wp\/v2\/tags?post=361"}],"curies":[{"name":"wp","href":"https:\/\/api.w.org\/{rel}","templated":true}]}}