{"id":345,"date":"2019-08-26T08:00:58","date_gmt":"2019-08-26T11:00:58","guid":{"rendered":"https:\/\/pos-graduacao.uepb.edu.br\/profmat\/?p=345"},"modified":"2019-08-26T08:00:58","modified_gmt":"2019-08-26T11:00:58","slug":"coordenacao-do-mestrado-profissional-em-matematica-informa-sobre-cancelamento-do-edital-da-turma-2020","status":"publish","type":"post","link":"https:\/\/pos-graduacao.uepb.edu.br\/profmat\/2019\/08\/26\/coordenacao-do-mestrado-profissional-em-matematica-informa-sobre-cancelamento-do-edital-da-turma-2020\/","title":{"rendered":"Coordena\u00e7\u00e3o do Mestrado Profissional em Matem\u00e1tica informa sobre cancelamento do edital da Turma 2020"},"content":{"rendered":"<p>A Coordena\u00e7\u00e3o do Mestrado Profissional em Matem\u00e1tica em Rede Nacional (PROFMAT) informa que o Edital do Exame Nacional de Acesso (ENA) para forma\u00e7\u00e3o da Turma 2020 foi cancelado e a sele\u00e7\u00e3o n\u00e3o ser\u00e1 mais realizada. As taxas de inscri\u00e7\u00f5es ser\u00e3o integralmente restitu\u00eddas por meio de transfer\u00eancia eletr\u00f4nica (TED), em conta corrente ou poupan\u00e7a, em ag\u00eancia banc\u00e1ria indicada pelo candidato, ou por vale postal eletr\u00f4nico.<\/p>\n<p>Os dados banc\u00e1rios devem ser informados entre os dias 26 de agosto e 6 de setembro, no endere\u00e7o ena.profmat-sbm.org.br\/devolucao, utilizando o login e a senha cadastrados no ato da inscri\u00e7\u00e3o. Conforme nota da Coordena\u00e7\u00e3o do PROFMAT, o cancelamento do edital se deu em virtude do teor do Of\u00edcio 267\/2019-CPCF\/CGPC\/DED\/Capes, que restringe as vagas do programa exclusivamente a professores da rede p\u00fablica do Ensino B\u00e1sico, alterando o Of\u00edcio Circular n\u00ba 17\/2019-CPCF\/CGPC\/DED\/Capes, o qual autorizava a publica\u00e7\u00e3o do Edital do Exame Nacional de Acesso (ENA) do Profmat \u2013 Turma 2020.<\/p>\n<p>O PROFMAT \u00e9 constitu\u00eddo por uma rede de institui\u00e7\u00f5es de ensino superior em todas as 27 unidades federativas do Brasil, na qual entre elas est\u00e1 a Universidade Estadual da Para\u00edba (UEPB), e coordenado pela Sociedade Brasileira de Matem\u00e1tica que, entre outros objetivos, busca oferecer forma\u00e7\u00e3o qualificada a professores do Ensino B\u00e1sico, bem como a produ\u00e7\u00e3o de material did\u00e1tico de qualidade e forma\u00e7\u00e3o continuada destinado a estes docentes.<\/p>\n<p>Na nota, a Coordena\u00e7\u00e3o Nacional do PROFMAT e a Sociedade Brasileira de Matem\u00e1tica lamentam profundamente o ocorrido e mant\u00eam o compromisso com a Educa\u00e7\u00e3o B\u00e1sica de qualidade. Confira a nota de esclarecimento na \u00edntegra clicando\u00a0<strong><a href=\"https:\/\/ena.profmat-sbm.org.br\/Nota_esclarecimento_Cancelamento_ENA2020.pdf\" target=\"_blank\" rel=\"noreferrer noopener\" aria-label=\"AQUI (opens in a new tab)\">AQUI<\/a><\/strong>.<\/p>\n","protected":false},"excerpt":{"rendered":"<p>A Coordena\u00e7\u00e3o do Mestrado Profissional em Matem\u00e1tica em Rede Nacional (PROFMAT) informa que o Edital do Exame Nacional de Acesso (ENA) para forma\u00e7\u00e3o da Turma 2020 foi cancelado e a sele\u00e7\u00e3o n\u00e3o ser\u00e1 mais realizada. As taxas de inscri\u00e7\u00f5es ser\u00e3o integralmente restitu\u00eddas por meio de transfer\u00eancia eletr\u00f4nica (TED), em conta corrente ou poupan\u00e7a, em ag\u00eancia <a class=\"leiamais\" href=\"https:\/\/pos-graduacao.uepb.edu.br\/profmat\/2019\/08\/26\/coordenacao-do-mestrado-profissional-em-matematica-informa-sobre-cancelamento-do-edital-da-turma-2020\/\">Leia Mais&#8230;<\/a><\/p>\n","protected":false},"author":46,"featured_media":0,"comment_status":"open","ping_status":"open","sticky":false,"template":"","format":"standard","meta":{"footnotes":""},"categories":[4],"tags":[],"class_list":["post-345","post","type-post","status-publish","format-standard","hentry","category-noticias"],"_links":{"self":[{"href":"https:\/\/pos-graduacao.uepb.edu.br\/profmat\/wp-json\/wp\/v2\/posts\/345","targetHints":{"allow":["GET"]}}],"collection":[{"href":"https:\/\/pos-graduacao.uepb.edu.br\/profmat\/wp-json\/wp\/v2\/posts"}],"about":[{"href":"https:\/\/pos-graduacao.uepb.edu.br\/profmat\/wp-json\/wp\/v2\/types\/post"}],"author":[{"embeddable":true,"href":"https:\/\/pos-graduacao.uepb.edu.br\/profmat\/wp-json\/wp\/v2\/users\/46"}],"replies":[{"embeddable":true,"href":"https:\/\/pos-graduacao.uepb.edu.br\/profmat\/wp-json\/wp\/v2\/comments?post=345"}],"version-history":[{"count":1,"href":"https:\/\/pos-graduacao.uepb.edu.br\/profmat\/wp-json\/wp\/v2\/posts\/345\/revisions"}],"predecessor-version":[{"id":346,"href":"https:\/\/pos-graduacao.uepb.edu.br\/profmat\/wp-json\/wp\/v2\/posts\/345\/revisions\/346"}],"wp:attachment":[{"href":"https:\/\/pos-graduacao.uepb.edu.br\/profmat\/wp-json\/wp\/v2\/media?parent=345"}],"wp:term":[{"taxonomy":"category","embeddable":true,"href":"https:\/\/pos-graduacao.uepb.edu.br\/profmat\/wp-json\/wp\/v2\/categories?post=345"},{"taxonomy":"post_tag","embeddable":true,"href":"https:\/\/pos-graduacao.uepb.edu.br\/profmat\/wp-json\/wp\/v2\/tags?post=345"}],"curies":[{"name":"wp","href":"https:\/\/api.w.org\/{rel}","templated":true}]}}