{"id":331,"date":"2019-06-17T10:56:36","date_gmt":"2019-06-17T13:56:36","guid":{"rendered":"https:\/\/pos-graduacao.uepb.edu.br\/profmat\/?p=331"},"modified":"2019-06-28T09:20:55","modified_gmt":"2019-06-28T12:20:55","slug":"defessa-de-disertacao-deodorio-souza-da-costa","status":"publish","type":"post","link":"https:\/\/pos-graduacao.uepb.edu.br\/profmat\/2019\/06\/17\/defessa-de-disertacao-deodorio-souza-da-costa\/","title":{"rendered":"Defesa de Disserta\u00e7\u00e3o &#8211; Deodorio Souza da Costa"},"content":{"rendered":"\r\n<p><strong>Programa de P\u00f3s-Gradua\u00e7\u00e3o em Matem\u00e1tica em Rede Nacional \u2013 PROFMAT<\/strong><\/p>\r\n\r\n\r\n\r\n<p><strong>DEFESA DE DISSERTA\u00c7\u00c3O DE MESTRADO<\/strong><\/p>\r\n\r\n\r\n\r\n<p><strong>ALUNO:<\/strong>&nbsp;Deodorio Souza da Costa<\/p>\r\n\r\n\r\n\r\n<p><strong>ORIENTADOR:<\/strong>&nbsp;Prof. Dr. Francisco Sib\u00e9rio Bezerra Albuquerque<\/p>\r\n\r\n\r\n\r\n<p><strong>T\u00cdTULO DA DISSERTA\u00c7\u00c3O:<\/strong>&nbsp;Di\u00e2metros de c\u00f4nicas: uma proposta de abordagem no Ensino M\u00e9dio<\/p>\r\n\r\n\r\n\r\n<p><strong>DATA DA DEFESA:<\/strong>\u00a005 de julho de 2019<br><strong>HOR\u00c1RIO:<\/strong>\u00a010h<br><strong>LOCAL:<\/strong>\u00a0No Audit\u00f3rio I, no Pr\u00e9dio da Central de Integra\u00e7\u00e3o Acad\u00eamica, da Universidade Estadual da Para\u00edba\/Campus I.<\/p>\r\n\r\n\r\n\r\n<p><strong>INTEGRANTES DA BANCA EXAMINADORA:<\/strong><\/p>\r\n\r\n\r\n\r\n<p>Prof. Dr. Francisco Sib\u00e9rio Bezerra Albuquerque (DM-UEPB) \u2013 Orientador <\/p>\r\n\r\n\r\n\r\n<p>Prof. Dr. Davis Matias de Olivera (DM-UEPB) &#8211; Membro interno <\/p>\r\n\r\n\r\n\r\n<p>Prof. Dr. Jos\u00e9 Lindomberg Possiano Barreiro (UFCG) &#8211; Membro externo<\/p>\r\n","protected":false},"excerpt":{"rendered":"<p>Programa de P\u00f3s-Gradua\u00e7\u00e3o em Matem\u00e1tica em Rede Nacional \u2013 PROFMAT DEFESA DE DISSERTA\u00c7\u00c3O DE MESTRADO ALUNO:&nbsp;Deodorio Souza da Costa ORIENTADOR:&nbsp;Prof. Dr. Francisco Sib\u00e9rio Bezerra Albuquerque T\u00cdTULO DA DISSERTA\u00c7\u00c3O:&nbsp;Di\u00e2metros de c\u00f4nicas: uma proposta de abordagem no Ensino M\u00e9dio DATA DA DEFESA:\u00a005 de julho de 2019HOR\u00c1RIO:\u00a010hLOCAL:\u00a0No Audit\u00f3rio I, no Pr\u00e9dio da Central de Integra\u00e7\u00e3o Acad\u00eamica, da Universidade <a class=\"leiamais\" href=\"https:\/\/pos-graduacao.uepb.edu.br\/profmat\/2019\/06\/17\/defessa-de-disertacao-deodorio-souza-da-costa\/\">Leia Mais&#8230;<\/a><\/p>\n","protected":false},"author":46,"featured_media":0,"comment_status":"open","ping_status":"open","sticky":false,"template":"","format":"standard","meta":{"footnotes":""},"categories":[4],"tags":[],"class_list":["post-331","post","type-post","status-publish","format-standard","hentry","category-noticias"],"_links":{"self":[{"href":"https:\/\/pos-graduacao.uepb.edu.br\/profmat\/wp-json\/wp\/v2\/posts\/331","targetHints":{"allow":["GET"]}}],"collection":[{"href":"https:\/\/pos-graduacao.uepb.edu.br\/profmat\/wp-json\/wp\/v2\/posts"}],"about":[{"href":"https:\/\/pos-graduacao.uepb.edu.br\/profmat\/wp-json\/wp\/v2\/types\/post"}],"author":[{"embeddable":true,"href":"https:\/\/pos-graduacao.uepb.edu.br\/profmat\/wp-json\/wp\/v2\/users\/46"}],"replies":[{"embeddable":true,"href":"https:\/\/pos-graduacao.uepb.edu.br\/profmat\/wp-json\/wp\/v2\/comments?post=331"}],"version-history":[{"count":5,"href":"https:\/\/pos-graduacao.uepb.edu.br\/profmat\/wp-json\/wp\/v2\/posts\/331\/revisions"}],"predecessor-version":[{"id":338,"href":"https:\/\/pos-graduacao.uepb.edu.br\/profmat\/wp-json\/wp\/v2\/posts\/331\/revisions\/338"}],"wp:attachment":[{"href":"https:\/\/pos-graduacao.uepb.edu.br\/profmat\/wp-json\/wp\/v2\/media?parent=331"}],"wp:term":[{"taxonomy":"category","embeddable":true,"href":"https:\/\/pos-graduacao.uepb.edu.br\/profmat\/wp-json\/wp\/v2\/categories?post=331"},{"taxonomy":"post_tag","embeddable":true,"href":"https:\/\/pos-graduacao.uepb.edu.br\/profmat\/wp-json\/wp\/v2\/tags?post=331"}],"curies":[{"name":"wp","href":"https:\/\/api.w.org\/{rel}","templated":true}]}}