{"id":288,"date":"2018-12-18T12:46:21","date_gmt":"2018-12-18T14:46:21","guid":{"rendered":"https:\/\/pos-graduacao.uepb.edu.br\/profmat\/?p=288"},"modified":"2018-12-19T09:53:42","modified_gmt":"2018-12-19T11:53:42","slug":"defesa-de-dissertacao-rivanildo-garcia-da-silva","status":"publish","type":"post","link":"https:\/\/pos-graduacao.uepb.edu.br\/profmat\/2018\/12\/18\/defesa-de-dissertacao-rivanildo-garcia-da-silva\/","title":{"rendered":"Defesa de Disserta\u00e7\u00e3o &#8211; Rivanildo Garcia da Silva"},"content":{"rendered":"\n<p><strong>Programa de P\u00f3s-Gradua\u00e7\u00e3o em Matem\u00e1tica em Rede Nacional \u2013 PROFMAT<\/strong><\/p>\n\n\n\n<p><strong>DEFESA DE DISSERTA\u00c7\u00c3O DE MESTRADO<\/strong><\/p>\n\n\n\n<p><strong>ALUNO:<\/strong>&nbsp;Rivanildo Garcia da Silva<\/p>\n\n\n\n<p><strong>ORIENTADOR:<\/strong>&nbsp;Prof. Dr. Vandenberg Lopes Vieira<\/p>\n\n\n\n<p><strong>T\u00cdTULO DA DISSERTA\u00c7\u00c3O:<\/strong>&nbsp;Congru\u00eancias e Equa\u00e7\u00f5es Diofantinas: Algumas Aplica\u00e7\u00f5es<\/p>\n\n\n\n<p><strong>DATA DA DEFESA:<\/strong>\u00a028de dezembro de 2018<br><strong>HOR\u00c1RIO:<\/strong>\u00a009h<br><strong>LOCAL:<\/strong>\u00a0Na sala C 203, do Centro de Ci\u00eancias e Tecnologia \u2013 CCT, da Universidade Estadual da Para\u00edba\/Campus I.<\/p>\n\n\n\n<p><strong>INTEGRANTES DA BANCA EXAMINADORA:<\/strong><\/p>\n\n\n\n<p>Prof. Dr. Vandenberg Lopes Vieira (DM-UEPB) \u2013 Orientador <\/p>\n\n\n\n<p>Prof. Dr. Aldo Trajano Lour\u00eado (DM-UEPB) &#8211; Membro interno <\/p>\n\n\n\n<p>Prof. Dr. Severino Hor\u00e1cio da Silva (UFCG) &#8211; Membro externo<\/p>\n","protected":false},"excerpt":{"rendered":"<p>Programa de P\u00f3s-Gradua\u00e7\u00e3o em Matem\u00e1tica em Rede Nacional \u2013 PROFMAT DEFESA DE DISSERTA\u00c7\u00c3O DE MESTRADO ALUNO:&nbsp;Rivanildo Garcia da Silva ORIENTADOR:&nbsp;Prof. Dr. Vandenberg Lopes Vieira T\u00cdTULO DA DISSERTA\u00c7\u00c3O:&nbsp;Congru\u00eancias e Equa\u00e7\u00f5es Diofantinas: Algumas Aplica\u00e7\u00f5es DATA DA DEFESA:\u00a028de dezembro de 2018HOR\u00c1RIO:\u00a009hLOCAL:\u00a0Na sala C 203, do Centro de Ci\u00eancias e Tecnologia \u2013 CCT, da Universidade Estadual da Para\u00edba\/Campus I. <a class=\"leiamais\" href=\"https:\/\/pos-graduacao.uepb.edu.br\/profmat\/2018\/12\/18\/defesa-de-dissertacao-rivanildo-garcia-da-silva\/\">Leia Mais&#8230;<\/a><\/p>\n","protected":false},"author":46,"featured_media":0,"comment_status":"open","ping_status":"open","sticky":false,"template":"","format":"standard","meta":{"footnotes":""},"categories":[4,1],"tags":[],"class_list":["post-288","post","type-post","status-publish","format-standard","hentry","category-noticias","category-sem-categoria"],"_links":{"self":[{"href":"https:\/\/pos-graduacao.uepb.edu.br\/profmat\/wp-json\/wp\/v2\/posts\/288","targetHints":{"allow":["GET"]}}],"collection":[{"href":"https:\/\/pos-graduacao.uepb.edu.br\/profmat\/wp-json\/wp\/v2\/posts"}],"about":[{"href":"https:\/\/pos-graduacao.uepb.edu.br\/profmat\/wp-json\/wp\/v2\/types\/post"}],"author":[{"embeddable":true,"href":"https:\/\/pos-graduacao.uepb.edu.br\/profmat\/wp-json\/wp\/v2\/users\/46"}],"replies":[{"embeddable":true,"href":"https:\/\/pos-graduacao.uepb.edu.br\/profmat\/wp-json\/wp\/v2\/comments?post=288"}],"version-history":[{"count":4,"href":"https:\/\/pos-graduacao.uepb.edu.br\/profmat\/wp-json\/wp\/v2\/posts\/288\/revisions"}],"predecessor-version":[{"id":292,"href":"https:\/\/pos-graduacao.uepb.edu.br\/profmat\/wp-json\/wp\/v2\/posts\/288\/revisions\/292"}],"wp:attachment":[{"href":"https:\/\/pos-graduacao.uepb.edu.br\/profmat\/wp-json\/wp\/v2\/media?parent=288"}],"wp:term":[{"taxonomy":"category","embeddable":true,"href":"https:\/\/pos-graduacao.uepb.edu.br\/profmat\/wp-json\/wp\/v2\/categories?post=288"},{"taxonomy":"post_tag","embeddable":true,"href":"https:\/\/pos-graduacao.uepb.edu.br\/profmat\/wp-json\/wp\/v2\/tags?post=288"}],"curies":[{"name":"wp","href":"https:\/\/api.w.org\/{rel}","templated":true}]}}