{"id":276,"date":"2018-12-11T11:43:08","date_gmt":"2018-12-11T13:43:08","guid":{"rendered":"https:\/\/pos-graduacao.uepb.edu.br\/profmat\/?p=276"},"modified":"2018-12-11T12:23:46","modified_gmt":"2018-12-11T14:23:46","slug":"defesa-de-dissertacao-osmar-cordeiro-de-oliveira","status":"publish","type":"post","link":"https:\/\/pos-graduacao.uepb.edu.br\/profmat\/2018\/12\/11\/defesa-de-dissertacao-osmar-cordeiro-de-oliveira\/","title":{"rendered":"Defesa de Disserta\u00e7\u00e3o &#8211; Osmar Cordeiro de Oliveira"},"content":{"rendered":"\n<p><strong>Programa de P\u00f3s-Gradua\u00e7\u00e3o em Matem\u00e1tica em Rede Nacional \u2013 PROFMAT<\/strong><\/p>\n\n\n\n<p><strong>DEFESA DE DISSERTA\u00c7\u00c3O DE MESTRADO<\/strong><\/p>\n\n\n\n<p><strong>ALUNO:<\/strong>&nbsp;Osmar Cordeiro de Oliveira<\/p>\n\n\n\n<p><strong>ORIENTADORA:<\/strong>&nbsp;Prof\u00aa. Dr\u00aa.&nbsp; Luciana Roze de Freitas<\/p>\n\n\n\n<p><strong>T\u00cdTULO DA DISSERTA\u00c7\u00c3O:<\/strong>\u00a0A Utiliza\u00e7\u00e3o do GeoGebra como Aux\u00edlio Did\u00e1tico no\u00a0Ensino dos Pol\u00edgonos Inscrit\u00edveis e Circunscrit\u00edveis<\/p>\n\n\n\n<p><strong>DATA DA DEFESA:<\/strong>&nbsp;14 de dezembro de 2018<br><strong>HOR\u00c1RIO:<\/strong>&nbsp;10h<br><strong>LOCAL:<\/strong>&nbsp;No audit\u00f3rio I, no Pr\u00e9dio da Central de Integra\u00e7\u00e3o Acad\u00eamica da UEPB\/Campus I<\/p>\n\n\n\n<p><strong>INTEGRANTES DA BANCA EXAMINADORA:<\/strong><\/p>\n\n\n\n<p>Prof\u00aa Dr\u00aa. Luciana Roze de Freitas&nbsp; \u2013 Universidade Estadual da Para\u00edba \u2013 UEPB<br>Prof. Dr. Davis Matias de Oliveira \u2013 Universidade Estadual da Para\u00edba \u2013 UEPB<br>Prof. Dr. Jefferson Abrantes dos Santos&nbsp; \u2013&nbsp;Universidade Federal de Campina Grande\u2013 UFCG<\/p>\n","protected":false},"excerpt":{"rendered":"<p>Programa de P\u00f3s-Gradua\u00e7\u00e3o em Matem\u00e1tica em Rede Nacional \u2013 PROFMAT DEFESA DE DISSERTA\u00c7\u00c3O DE MESTRADO ALUNO:&nbsp;Osmar Cordeiro de Oliveira ORIENTADORA:&nbsp;Prof\u00aa. Dr\u00aa.&nbsp; Luciana Roze de Freitas T\u00cdTULO DA DISSERTA\u00c7\u00c3O:\u00a0A Utiliza\u00e7\u00e3o do GeoGebra como Aux\u00edlio Did\u00e1tico no\u00a0Ensino dos Pol\u00edgonos Inscrit\u00edveis e Circunscrit\u00edveis DATA DA DEFESA:&nbsp;14 de dezembro de 2018HOR\u00c1RIO:&nbsp;10hLOCAL:&nbsp;No audit\u00f3rio I, no Pr\u00e9dio da Central de Integra\u00e7\u00e3o <a class=\"leiamais\" href=\"https:\/\/pos-graduacao.uepb.edu.br\/profmat\/2018\/12\/11\/defesa-de-dissertacao-osmar-cordeiro-de-oliveira\/\">Leia Mais&#8230;<\/a><\/p>\n","protected":false},"author":46,"featured_media":0,"comment_status":"open","ping_status":"open","sticky":false,"template":"","format":"standard","meta":{"footnotes":""},"categories":[4,1],"tags":[],"class_list":["post-276","post","type-post","status-publish","format-standard","hentry","category-noticias","category-sem-categoria"],"_links":{"self":[{"href":"https:\/\/pos-graduacao.uepb.edu.br\/profmat\/wp-json\/wp\/v2\/posts\/276","targetHints":{"allow":["GET"]}}],"collection":[{"href":"https:\/\/pos-graduacao.uepb.edu.br\/profmat\/wp-json\/wp\/v2\/posts"}],"about":[{"href":"https:\/\/pos-graduacao.uepb.edu.br\/profmat\/wp-json\/wp\/v2\/types\/post"}],"author":[{"embeddable":true,"href":"https:\/\/pos-graduacao.uepb.edu.br\/profmat\/wp-json\/wp\/v2\/users\/46"}],"replies":[{"embeddable":true,"href":"https:\/\/pos-graduacao.uepb.edu.br\/profmat\/wp-json\/wp\/v2\/comments?post=276"}],"version-history":[{"count":4,"href":"https:\/\/pos-graduacao.uepb.edu.br\/profmat\/wp-json\/wp\/v2\/posts\/276\/revisions"}],"predecessor-version":[{"id":280,"href":"https:\/\/pos-graduacao.uepb.edu.br\/profmat\/wp-json\/wp\/v2\/posts\/276\/revisions\/280"}],"wp:attachment":[{"href":"https:\/\/pos-graduacao.uepb.edu.br\/profmat\/wp-json\/wp\/v2\/media?parent=276"}],"wp:term":[{"taxonomy":"category","embeddable":true,"href":"https:\/\/pos-graduacao.uepb.edu.br\/profmat\/wp-json\/wp\/v2\/categories?post=276"},{"taxonomy":"post_tag","embeddable":true,"href":"https:\/\/pos-graduacao.uepb.edu.br\/profmat\/wp-json\/wp\/v2\/tags?post=276"}],"curies":[{"name":"wp","href":"https:\/\/api.w.org\/{rel}","templated":true}]}}