{"id":246,"date":"2018-10-24T11:11:54","date_gmt":"2018-10-24T13:11:54","guid":{"rendered":"https:\/\/pos-graduacao.uepb.edu.br\/profmat\/?p=246"},"modified":"2018-10-24T11:12:22","modified_gmt":"2018-10-24T13:12:22","slug":"defesa-de-dissertacao-elania-hortins-dantas","status":"publish","type":"post","link":"https:\/\/pos-graduacao.uepb.edu.br\/profmat\/2018\/10\/24\/defesa-de-dissertacao-elania-hortins-dantas\/","title":{"rendered":"Defesa de Disserta\u00e7\u00e3o \u2013 Elania Hortins Dantas"},"content":{"rendered":"\n<p><strong>Programa de P\u00f3s-Gradua\u00e7\u00e3o em Matem\u00e1tica em Rede Nacional \u2013 PROFMAT<\/strong><\/p>\n\n\n\n<p><strong>DEFESA DE DISSERTA\u00c7\u00c3O DE MESTRADO<\/strong><\/p>\n\n\n\n<p><strong>ALUNO:<\/strong>\u00a0Tiago Beserra Maciel<\/p>\n\n\n\n<p><strong>ORIENTADOR:<\/strong>\u00a0Prof\u00aa. Dr\u00aa.\u00a0 Luciana Roze de Freitas<\/p>\n\n\n\n<p><strong>T\u00cdTULO DA DISSERTA\u00c7\u00c3O:<\/strong>\u00a0O USO DA REALIDADE AUMENTADA NO ENSINO DE GEOMETRIA ESPACIAL<\/p>\n\n\n\n<p><strong>DATA DA DEFESA:<\/strong>\u00a026 de outubro de 2018<br \/><strong>HOR\u00c1RIO:<\/strong>\u00a010h<br \/><strong>LOCAL:<\/strong>\u00a0No audit\u00f3rio I, no Pr\u00e9dio da Central de Integra\u00e7\u00e3o Acad\u00eamica da UEPB\/Campus I<\/p>\n\n\n\n<p><strong>INTEGRANTES DA BANCA EXAMINADORA:<\/strong><\/p>\n\n\n\n<p>Prof\u00aa Dr\u00aa. Luciana Roze de Freitas\u00a0 \u2013 Universidade Estadual da Para\u00edba \u2013 UEPB<br \/>Prof. Dr. Gustavo da Silva Ara\u00fajo \u2013 Universidade Estadual da Para\u00edba \u2013 UEPB<br \/>Prof. Dr. Rodrigo Cohen Mota Nemer\u00a0 \u2013\u00a0Universidade Federal de Campina Grande\u2013 UFCG<\/p>\n\n\n<p>[wpfilebase tag=fileurl id=3 linktext=&#8217; &#8216; \/]<\/p>\n","protected":false},"excerpt":{"rendered":"<p>Programa de P\u00f3s-Gradua\u00e7\u00e3o em Matem\u00e1tica em Rede Nacional \u2013 PROFMAT DEFESA DE DISSERTA\u00c7\u00c3O DE MESTRADO ALUNO:\u00a0Tiago Beserra Maciel ORIENTADOR:\u00a0Prof\u00aa. Dr\u00aa.\u00a0 Luciana Roze de Freitas T\u00cdTULO DA DISSERTA\u00c7\u00c3O:\u00a0O USO DA REALIDADE AUMENTADA NO ENSINO DE GEOMETRIA ESPACIAL DATA DA DEFESA:\u00a026 de outubro de 2018HOR\u00c1RIO:\u00a010hLOCAL:\u00a0No audit\u00f3rio I, no Pr\u00e9dio da Central de Integra\u00e7\u00e3o Acad\u00eamica da UEPB\/Campus I <a class=\"leiamais\" href=\"https:\/\/pos-graduacao.uepb.edu.br\/profmat\/2018\/10\/24\/defesa-de-dissertacao-elania-hortins-dantas\/\">Leia Mais&#8230;<\/a><\/p>\n","protected":false},"author":46,"featured_media":0,"comment_status":"open","ping_status":"open","sticky":false,"template":"","format":"standard","meta":{"footnotes":""},"categories":[4,1],"tags":[],"class_list":["post-246","post","type-post","status-publish","format-standard","hentry","category-noticias","category-sem-categoria"],"_links":{"self":[{"href":"https:\/\/pos-graduacao.uepb.edu.br\/profmat\/wp-json\/wp\/v2\/posts\/246","targetHints":{"allow":["GET"]}}],"collection":[{"href":"https:\/\/pos-graduacao.uepb.edu.br\/profmat\/wp-json\/wp\/v2\/posts"}],"about":[{"href":"https:\/\/pos-graduacao.uepb.edu.br\/profmat\/wp-json\/wp\/v2\/types\/post"}],"author":[{"embeddable":true,"href":"https:\/\/pos-graduacao.uepb.edu.br\/profmat\/wp-json\/wp\/v2\/users\/46"}],"replies":[{"embeddable":true,"href":"https:\/\/pos-graduacao.uepb.edu.br\/profmat\/wp-json\/wp\/v2\/comments?post=246"}],"version-history":[{"count":1,"href":"https:\/\/pos-graduacao.uepb.edu.br\/profmat\/wp-json\/wp\/v2\/posts\/246\/revisions"}],"predecessor-version":[{"id":247,"href":"https:\/\/pos-graduacao.uepb.edu.br\/profmat\/wp-json\/wp\/v2\/posts\/246\/revisions\/247"}],"wp:attachment":[{"href":"https:\/\/pos-graduacao.uepb.edu.br\/profmat\/wp-json\/wp\/v2\/media?parent=246"}],"wp:term":[{"taxonomy":"category","embeddable":true,"href":"https:\/\/pos-graduacao.uepb.edu.br\/profmat\/wp-json\/wp\/v2\/categories?post=246"},{"taxonomy":"post_tag","embeddable":true,"href":"https:\/\/pos-graduacao.uepb.edu.br\/profmat\/wp-json\/wp\/v2\/tags?post=246"}],"curies":[{"name":"wp","href":"https:\/\/api.w.org\/{rel}","templated":true}]}}