{"id":234,"date":"2018-07-25T12:44:09","date_gmt":"2018-07-25T15:44:09","guid":{"rendered":"https:\/\/pos-graduacao.uepb.edu.br\/profmat\/?p=234"},"modified":"2018-10-31T09:55:09","modified_gmt":"2018-10-31T11:55:09","slug":"defesa-de-dissertacao-tiago-beserra-maciel","status":"publish","type":"post","link":"https:\/\/pos-graduacao.uepb.edu.br\/profmat\/2018\/07\/25\/defesa-de-dissertacao-tiago-beserra-maciel\/","title":{"rendered":"Defesa de Disserta\u00e7\u00e3o \u2013 Tiago Beserra Maciel"},"content":{"rendered":"<p><strong>Programa de P\u00f3s-Gradua\u00e7\u00e3o em Matem\u00e1tica em Rede Nacional \u2013 PROFMAT<\/strong><\/p>\n<p><strong>DEFESA DE DISSERTA\u00c7\u00c3O DE MESTRADO<\/strong><\/p>\n<p><strong>ALUNO:<\/strong>\u00a0Tiago Beserra Maciel<\/p>\n<p><strong>ORIENTADOR:<\/strong>\u00a0Prof. Dr.\u00a0 Aldo Trajano Louredo<\/p>\n<p><strong>T\u00cdTULO DA DISSERTA\u00c7\u00c3O:<\/strong>\u00a0MATEM\u00c1TICA E M\u00daSICA: UMA PROPOSTA PEDAG\u00d3GICA<\/p>\n<p><strong>DATA DA DEFESA:<\/strong>\u00a027 de julho de 2018<br \/>\n<strong>HOR\u00c1RIO:<\/strong>\u00a010:30 h<br \/>\n<strong>LOCAL:<\/strong>\u00a0No audit\u00f3rio I, no Pr\u00e9dio da Central de Integra\u00e7\u00e3o Acad\u00eamica da UEPB\/Campus I<\/p>\n<p><strong>INTEGRANTES DA BANCA EXAMINADORA:<\/strong><\/p>\n<p>Dr. Aldo Trajano Louredo\u00a0 \u2013 Universidade Estadual da Para\u00edba \u2013 UEPB<br \/>\nDr.\u00a0Davis Mathias de Oliveira \u2013 Universidade Estadual da Para\u00edba \u2013 UEPB<br \/>\nDra. Valdenilza Ferreira da Silva\u00a0 \u2013\u00a0Universidade Federal da Para\u00edba \u2013 UFPB<\/p>\n<p>[wpfilebase tag=fileurl id=3 linktext=&#8217; &#8216; \/]<\/p>\n","protected":false},"excerpt":{"rendered":"<p>Programa de P\u00f3s-Gradua\u00e7\u00e3o em Matem\u00e1tica em Rede Nacional \u2013 PROFMAT DEFESA DE DISSERTA\u00c7\u00c3O DE MESTRADO ALUNO:\u00a0Tiago Beserra Maciel ORIENTADOR:\u00a0Prof. Dr.\u00a0 Aldo Trajano Louredo T\u00cdTULO DA DISSERTA\u00c7\u00c3O:\u00a0MATEM\u00c1TICA E M\u00daSICA: UMA PROPOSTA PEDAG\u00d3GICA DATA DA DEFESA:\u00a027 de julho de 2018 HOR\u00c1RIO:\u00a010:30 h LOCAL:\u00a0No audit\u00f3rio I, no Pr\u00e9dio da Central de Integra\u00e7\u00e3o Acad\u00eamica da UEPB\/Campus I INTEGRANTES DA <a class=\"leiamais\" href=\"https:\/\/pos-graduacao.uepb.edu.br\/profmat\/2018\/07\/25\/defesa-de-dissertacao-tiago-beserra-maciel\/\">Leia Mais&#8230;<\/a><\/p>\n","protected":false},"author":46,"featured_media":0,"comment_status":"open","ping_status":"open","sticky":false,"template":"","format":"standard","meta":{"footnotes":""},"categories":[4,1],"tags":[],"class_list":["post-234","post","type-post","status-publish","format-standard","hentry","category-noticias","category-sem-categoria"],"_links":{"self":[{"href":"https:\/\/pos-graduacao.uepb.edu.br\/profmat\/wp-json\/wp\/v2\/posts\/234","targetHints":{"allow":["GET"]}}],"collection":[{"href":"https:\/\/pos-graduacao.uepb.edu.br\/profmat\/wp-json\/wp\/v2\/posts"}],"about":[{"href":"https:\/\/pos-graduacao.uepb.edu.br\/profmat\/wp-json\/wp\/v2\/types\/post"}],"author":[{"embeddable":true,"href":"https:\/\/pos-graduacao.uepb.edu.br\/profmat\/wp-json\/wp\/v2\/users\/46"}],"replies":[{"embeddable":true,"href":"https:\/\/pos-graduacao.uepb.edu.br\/profmat\/wp-json\/wp\/v2\/comments?post=234"}],"version-history":[{"count":7,"href":"https:\/\/pos-graduacao.uepb.edu.br\/profmat\/wp-json\/wp\/v2\/posts\/234\/revisions"}],"predecessor-version":[{"id":252,"href":"https:\/\/pos-graduacao.uepb.edu.br\/profmat\/wp-json\/wp\/v2\/posts\/234\/revisions\/252"}],"wp:attachment":[{"href":"https:\/\/pos-graduacao.uepb.edu.br\/profmat\/wp-json\/wp\/v2\/media?parent=234"}],"wp:term":[{"taxonomy":"category","embeddable":true,"href":"https:\/\/pos-graduacao.uepb.edu.br\/profmat\/wp-json\/wp\/v2\/categories?post=234"},{"taxonomy":"post_tag","embeddable":true,"href":"https:\/\/pos-graduacao.uepb.edu.br\/profmat\/wp-json\/wp\/v2\/tags?post=234"}],"curies":[{"name":"wp","href":"https:\/\/api.w.org\/{rel}","templated":true}]}}