{"id":20,"date":"2018-07-16T11:11:53","date_gmt":"2018-07-16T14:11:53","guid":{"rendered":"https:\/\/pos-graduacao.uepb.edu.br\/profmat\/?p=20"},"modified":"2018-07-16T11:12:02","modified_gmt":"2018-07-16T14:12:02","slug":"coordenacao-do-mestrado-profissional-em-matematica-informa-sobre-periodo-de-matricula-dos-alunos-veteranos","status":"publish","type":"post","link":"https:\/\/pos-graduacao.uepb.edu.br\/profmat\/2018\/07\/16\/coordenacao-do-mestrado-profissional-em-matematica-informa-sobre-periodo-de-matricula-dos-alunos-veteranos\/","title":{"rendered":"Coordena\u00e7\u00e3o do Mestrado Profissional em Matem\u00e1tica informa sobre per\u00edodo de matr\u00edcula dos alunos veteranos"},"content":{"rendered":"<div class=\"sharedaddy sd-sharing-enabled\">\n<div class=\"robots-nocontent sd-block sd-social sd-social-icon sd-sharing\">\n<h3 class=\"sd-title\">Compartilhe isso:<\/h3>\n<\/div>\n<\/div>\n<p><img loading=\"lazy\" decoding=\"async\" class=\"size-full wp-image-22 aligncenter img-responsive\" src=\"https:\/\/pos-graduacao.uepb.edu.br\/profmat\/files\/2018\/07\/logo_profmat1.png\" alt=\"\" width=\"123\" height=\"111\" \/>A Coordena\u00e7\u00e3o do Mestrado Profissional em Matem\u00e1tica em Rede Nacional (PROFMAT), tendo como institui\u00e7\u00e3o associada a Universidade Estadual da Para\u00edba (UEPB), informa que as matr\u00edculas para o semestre 2018.2 para os alunos veteranos do PROFMAT ser\u00e3o nos dias 16 e 17 de julho. O dia 18 do mesmo m\u00eas ser\u00e1 destinado a ajustes de matr\u00edcula. As aulas ter\u00e3o in\u00edcio no dia 3 de agosto e seguem at\u00e9 o dia 7 de dezembro.<\/p>\n","protected":false},"excerpt":{"rendered":"<p>Compartilhe isso: A Coordena\u00e7\u00e3o do Mestrado Profissional em Matem\u00e1tica em Rede Nacional (PROFMAT), tendo como institui\u00e7\u00e3o associada a Universidade Estadual da Para\u00edba (UEPB), informa que as matr\u00edculas para o semestre 2018.2 para os alunos veteranos do PROFMAT ser\u00e3o nos dias 16 e 17 de julho. O dia 18 do mesmo m\u00eas ser\u00e1 destinado a ajustes <a class=\"leiamais\" href=\"https:\/\/pos-graduacao.uepb.edu.br\/profmat\/2018\/07\/16\/coordenacao-do-mestrado-profissional-em-matematica-informa-sobre-periodo-de-matricula-dos-alunos-veteranos\/\">Leia Mais&#8230;<\/a><\/p>\n","protected":false},"author":46,"featured_media":0,"comment_status":"open","ping_status":"open","sticky":false,"template":"","format":"standard","meta":{"footnotes":""},"categories":[4,1],"tags":[],"class_list":["post-20","post","type-post","status-publish","format-standard","hentry","category-noticias","category-sem-categoria"],"_links":{"self":[{"href":"https:\/\/pos-graduacao.uepb.edu.br\/profmat\/wp-json\/wp\/v2\/posts\/20","targetHints":{"allow":["GET"]}}],"collection":[{"href":"https:\/\/pos-graduacao.uepb.edu.br\/profmat\/wp-json\/wp\/v2\/posts"}],"about":[{"href":"https:\/\/pos-graduacao.uepb.edu.br\/profmat\/wp-json\/wp\/v2\/types\/post"}],"author":[{"embeddable":true,"href":"https:\/\/pos-graduacao.uepb.edu.br\/profmat\/wp-json\/wp\/v2\/users\/46"}],"replies":[{"embeddable":true,"href":"https:\/\/pos-graduacao.uepb.edu.br\/profmat\/wp-json\/wp\/v2\/comments?post=20"}],"version-history":[{"count":1,"href":"https:\/\/pos-graduacao.uepb.edu.br\/profmat\/wp-json\/wp\/v2\/posts\/20\/revisions"}],"predecessor-version":[{"id":23,"href":"https:\/\/pos-graduacao.uepb.edu.br\/profmat\/wp-json\/wp\/v2\/posts\/20\/revisions\/23"}],"wp:attachment":[{"href":"https:\/\/pos-graduacao.uepb.edu.br\/profmat\/wp-json\/wp\/v2\/media?parent=20"}],"wp:term":[{"taxonomy":"category","embeddable":true,"href":"https:\/\/pos-graduacao.uepb.edu.br\/profmat\/wp-json\/wp\/v2\/categories?post=20"},{"taxonomy":"post_tag","embeddable":true,"href":"https:\/\/pos-graduacao.uepb.edu.br\/profmat\/wp-json\/wp\/v2\/tags?post=20"}],"curies":[{"name":"wp","href":"https:\/\/api.w.org\/{rel}","templated":true}]}}