{"id":1103,"date":"2025-10-01T10:36:33","date_gmt":"2025-10-01T13:36:33","guid":{"rendered":"https:\/\/pos-graduacao.uepb.edu.br\/profmat\/?p=1103"},"modified":"2025-10-01T11:07:23","modified_gmt":"2025-10-01T14:07:23","slug":"edital-complementar-retificado-e-novo-cronograma-ena-2026","status":"publish","type":"post","link":"https:\/\/pos-graduacao.uepb.edu.br\/profmat\/2025\/10\/01\/edital-complementar-retificado-e-novo-cronograma-ena-2026\/","title":{"rendered":"Edital complementar retificado e novo cronograma ENA 2026"},"content":{"rendered":"<p>O cronograma do ENA 2026 foi alterado devido \u00e0 prorroga\u00e7\u00e3o do prazo de inscri\u00e7\u00e3o. A nova data final para as inscri\u00e7\u00f5es \u00e9 no dia 08 de outubro de 2025.<\/p>\n<p>Acesse o edital complementar <a href=\"https:\/\/pos-graduacao.uepb.edu.br\/profmat\/download\/edital-complementar-retificado-ena-2026\/?wpdmdl=1109&amp;refresh=68dd34179a3b41759327255\">AQUI<\/a>.<\/p>\n<p><img loading=\"lazy\" decoding=\"async\" class=\"alignnone wp-image-1104  img-responsive\" src=\"https:\/\/pos-graduacao.uepb.edu.br\/profmat\/files\/2025\/10\/NOVO-CRONOGRAMA-ENA-2026.jpeg\" alt=\"\" width=\"899\" height=\"621\" srcset=\"https:\/\/pos-graduacao.uepb.edu.br\/profmat\/files\/2025\/10\/NOVO-CRONOGRAMA-ENA-2026.jpeg 1000w, https:\/\/pos-graduacao.uepb.edu.br\/profmat\/files\/2025\/10\/NOVO-CRONOGRAMA-ENA-2026-300x207.jpeg 300w\" sizes=\"auto, (max-width: 899px) 100vw, 899px\" \/><br \/>\n<img loading=\"lazy\" decoding=\"async\" class=\"alignnone wp-image-1113  img-responsive\" src=\"https:\/\/pos-graduacao.uepb.edu.br\/profmat\/files\/2025\/10\/Cronograma-complementar-ENA-2026.jpeg\" alt=\"\" width=\"975\" height=\"492\" srcset=\"https:\/\/pos-graduacao.uepb.edu.br\/profmat\/files\/2025\/10\/Cronograma-complementar-ENA-2026.jpeg 1080w, https:\/\/pos-graduacao.uepb.edu.br\/profmat\/files\/2025\/10\/Cronograma-complementar-ENA-2026-300x151.jpeg 300w\" sizes=\"auto, (max-width: 975px) 100vw, 975px\" \/><\/p>\n","protected":false},"excerpt":{"rendered":"<p>O cronograma do ENA 2026 foi alterado devido \u00e0 prorroga\u00e7\u00e3o do prazo de inscri\u00e7\u00e3o. A nova data final para as inscri\u00e7\u00f5es \u00e9 no dia 08 de outubro de 2025. Acesse o edital complementar AQUI.<\/p>\n","protected":false},"author":65,"featured_media":0,"comment_status":"open","ping_status":"open","sticky":false,"template":"","format":"standard","meta":{"footnotes":""},"categories":[4],"tags":[],"class_list":["post-1103","post","type-post","status-publish","format-standard","hentry","category-noticias"],"_links":{"self":[{"href":"https:\/\/pos-graduacao.uepb.edu.br\/profmat\/wp-json\/wp\/v2\/posts\/1103","targetHints":{"allow":["GET"]}}],"collection":[{"href":"https:\/\/pos-graduacao.uepb.edu.br\/profmat\/wp-json\/wp\/v2\/posts"}],"about":[{"href":"https:\/\/pos-graduacao.uepb.edu.br\/profmat\/wp-json\/wp\/v2\/types\/post"}],"author":[{"embeddable":true,"href":"https:\/\/pos-graduacao.uepb.edu.br\/profmat\/wp-json\/wp\/v2\/users\/65"}],"replies":[{"embeddable":true,"href":"https:\/\/pos-graduacao.uepb.edu.br\/profmat\/wp-json\/wp\/v2\/comments?post=1103"}],"version-history":[{"count":11,"href":"https:\/\/pos-graduacao.uepb.edu.br\/profmat\/wp-json\/wp\/v2\/posts\/1103\/revisions"}],"predecessor-version":[{"id":1119,"href":"https:\/\/pos-graduacao.uepb.edu.br\/profmat\/wp-json\/wp\/v2\/posts\/1103\/revisions\/1119"}],"wp:attachment":[{"href":"https:\/\/pos-graduacao.uepb.edu.br\/profmat\/wp-json\/wp\/v2\/media?parent=1103"}],"wp:term":[{"taxonomy":"category","embeddable":true,"href":"https:\/\/pos-graduacao.uepb.edu.br\/profmat\/wp-json\/wp\/v2\/categories?post=1103"},{"taxonomy":"post_tag","embeddable":true,"href":"https:\/\/pos-graduacao.uepb.edu.br\/profmat\/wp-json\/wp\/v2\/tags?post=1103"}],"curies":[{"name":"wp","href":"https:\/\/api.w.org\/{rel}","templated":true}]}}