{"id":1062,"date":"2024-12-02T09:52:02","date_gmt":"2024-12-02T12:52:02","guid":{"rendered":"https:\/\/pos-graduacao.uepb.edu.br\/profmat\/?p=1062"},"modified":"2024-12-02T09:52:02","modified_gmt":"2024-12-02T12:52:02","slug":"exame-nacional-de-acesso-ao-profmat-uepb-em-2025-edital-no-18-vaga-remanescente","status":"publish","type":"post","link":"https:\/\/pos-graduacao.uepb.edu.br\/profmat\/2024\/12\/02\/exame-nacional-de-acesso-ao-profmat-uepb-em-2025-edital-no-18-vaga-remanescente\/","title":{"rendered":"Exame Nacional de Acesso ao PROFMAT\/UEPB em 2025 &#8211; Edital n\u00ba 18 Vaga Remanescente"},"content":{"rendered":"<p>A Coordena\u00e7\u00e3o do Mestrado Profissional em Matem\u00e1tica em Rede Nacional \u2013 PROFMAT\/UEPB convoca o candidato aprovado no ENA 2025, <strong>PAULO ANDR\u00c9 DE VASCONCELOS<\/strong>, para o preenchimento de 1 (uma) vaga remanescente. \u00a0Esta convoca\u00e7\u00e3o segue a ordem classificat\u00f3ria dos candidatos APROVADOS no ENA\/UEPB 2025, referente ao Item 7.5(a) do Edital N\u00ba 18, composta por professores das redes p\u00fablicas da Educa\u00e7\u00e3o B\u00e1sica que atuam na doc\u00eancia de Matem\u00e1tica em ordem decrescente das notas totais, atendidos os crit\u00e9rios de desempate determinados no Item 7.3.<\/p>\n<p>&nbsp;<\/p>\n<p>&nbsp;<\/p>\n<p>Sobre a matr\u00edcula:<\/p>\n<p>A matr\u00edcula ser\u00e1 realizada no dia 10 de dezembro de 2024 presencialmente na secretaria do PROFMAT\/UEPB situada na Central de Integra\u00e7\u00e3o Acad\u00eamica Paulo Freire, C\u00e2mpus de Bodocong\u00f3, 3\u00b0 andar, Sala 327, no hor\u00e1rio das 8h \u00e0s 12h.<\/p>\n<p>Documenta\u00e7\u00e3o necess\u00e1ria para a matr\u00edcula (c\u00f3pias autenticadas ou c\u00f3pias e originais):<\/p>\n<p>&nbsp;<\/p>\n<ul>\n<li>RG;<\/li>\n<li>CPF;<\/li>\n<li>T\u00edtulo de eleitor;<\/li>\n<li>Comprovante de resid\u00eancia;<\/li>\n<li>Comprovante de vota\u00e7\u00e3o da \u00faltima elei\u00e7\u00e3o ou Declara\u00e7\u00e3o de quita\u00e7\u00e3o eleitoral;<\/li>\n<li>Certid\u00e3o de nascimento ou casamento;<\/li>\n<li>Prova de quita\u00e7\u00e3o com o servi\u00e7o militar (para candidatos brasileiros do sexo masculino, entre 19 e 45 anos)<\/li>\n<li>Formul\u00e1rio de matr\u00edcula;<\/li>\n<li>Diploma ou certificado de conclus\u00e3o do curso de gradua\u00e7\u00e3o;<\/li>\n<li>Declara\u00e7\u00e3o do Diretor da escola, ou quem legalmente o substitua, de que se encontra atuando na doc\u00eancia de Matem\u00e1tica na Educa\u00e7\u00e3o B\u00e1sica, com firma reconhecida e com data anterior m\u00e1xima de 30 dias, vedada a autodeclara\u00e7\u00e3o, sendo dispensado o reconhecimento de firma se Diretor de escola da rede p\u00fablica;<\/li>\n<li>Se professor de Matem\u00e1tica da rede p\u00fablica da Educa\u00e7\u00e3o B\u00e1sica, Contracheque ou Declara\u00e7\u00e3o da Secretaria de Educa\u00e7\u00e3o (estadual ou municipal) com data anterior m\u00e1xima de 30 dias ou Ato de Nomea\u00e7\u00e3o (no Di\u00e1rio Oficial);<\/li>\n<li>Curr\u00edculo na Plataforma Freire da Capes (<a href=\"https:\/\/freire.capes.gov.br\/portal\/\">https:\/\/freire.capes.gov.br\/portal\/<\/a>);<\/li>\n<\/ul>\n<p>Outras informa\u00e7\u00f5es podem ser obtidas atrav\u00e9s do e-mail:\u00a0<strong>profmat@setor.uepb.edu.br<\/strong>, ou pelo telefone\u00a0<strong>3344-5332<\/strong>.<\/p>\n<p>Clique\u00a0<a href=\"https:\/\/pos-graduacao.uepb.edu.br\/profmat\/download\/formulario-de-matricula-2023-2\/?wpdmdl=937&amp;masterkey=fObJWXorFqAapwvhcWsNx02XKz57e0sXRfqd3OZvHDB_pg8cuksxy5cYyxyclWHUret0WmWr9VE598us_OKiZwsG65ELjXuJiDH_smNbL1Y\" target=\"_blank\" rel=\"noopener\"><strong>AQUI<\/strong>\u00a0<\/a>para baixar o formul\u00e1rio de matr\u00edcula<\/p>\n","protected":false},"excerpt":{"rendered":"<p>A Coordena\u00e7\u00e3o do Mestrado Profissional em Matem\u00e1tica em Rede Nacional \u2013 PROFMAT\/UEPB convoca o candidato aprovado no ENA 2025, PAULO ANDR\u00c9 DE VASCONCELOS, para o preenchimento de 1 (uma) vaga remanescente. \u00a0Esta convoca\u00e7\u00e3o segue a ordem classificat\u00f3ria dos candidatos APROVADOS no ENA\/UEPB 2025, referente ao Item 7.5(a) do Edital N\u00ba 18, composta por professores das <a class=\"leiamais\" href=\"https:\/\/pos-graduacao.uepb.edu.br\/profmat\/2024\/12\/02\/exame-nacional-de-acesso-ao-profmat-uepb-em-2025-edital-no-18-vaga-remanescente\/\">Leia Mais&#8230;<\/a><\/p>\n","protected":false},"author":65,"featured_media":0,"comment_status":"open","ping_status":"open","sticky":false,"template":"","format":"standard","meta":{"footnotes":""},"categories":[4],"tags":[],"class_list":["post-1062","post","type-post","status-publish","format-standard","hentry","category-noticias"],"_links":{"self":[{"href":"https:\/\/pos-graduacao.uepb.edu.br\/profmat\/wp-json\/wp\/v2\/posts\/1062","targetHints":{"allow":["GET"]}}],"collection":[{"href":"https:\/\/pos-graduacao.uepb.edu.br\/profmat\/wp-json\/wp\/v2\/posts"}],"about":[{"href":"https:\/\/pos-graduacao.uepb.edu.br\/profmat\/wp-json\/wp\/v2\/types\/post"}],"author":[{"embeddable":true,"href":"https:\/\/pos-graduacao.uepb.edu.br\/profmat\/wp-json\/wp\/v2\/users\/65"}],"replies":[{"embeddable":true,"href":"https:\/\/pos-graduacao.uepb.edu.br\/profmat\/wp-json\/wp\/v2\/comments?post=1062"}],"version-history":[{"count":3,"href":"https:\/\/pos-graduacao.uepb.edu.br\/profmat\/wp-json\/wp\/v2\/posts\/1062\/revisions"}],"predecessor-version":[{"id":1065,"href":"https:\/\/pos-graduacao.uepb.edu.br\/profmat\/wp-json\/wp\/v2\/posts\/1062\/revisions\/1065"}],"wp:attachment":[{"href":"https:\/\/pos-graduacao.uepb.edu.br\/profmat\/wp-json\/wp\/v2\/media?parent=1062"}],"wp:term":[{"taxonomy":"category","embeddable":true,"href":"https:\/\/pos-graduacao.uepb.edu.br\/profmat\/wp-json\/wp\/v2\/categories?post=1062"},{"taxonomy":"post_tag","embeddable":true,"href":"https:\/\/pos-graduacao.uepb.edu.br\/profmat\/wp-json\/wp\/v2\/tags?post=1062"}],"curies":[{"name":"wp","href":"https:\/\/api.w.org\/{rel}","templated":true}]}}