{"id":1031,"date":"2024-10-08T10:59:39","date_gmt":"2024-10-08T13:59:39","guid":{"rendered":"https:\/\/pos-graduacao.uepb.edu.br\/profmat\/?p=1031"},"modified":"2024-10-08T10:59:39","modified_gmt":"2024-10-08T13:59:39","slug":"vi-encontro-campinense-do-profmat","status":"publish","type":"post","link":"https:\/\/pos-graduacao.uepb.edu.br\/profmat\/2024\/10\/08\/vi-encontro-campinense-do-profmat\/","title":{"rendered":"VI Encontro Campinense do PROFMAT"},"content":{"rendered":"<p>O VI Encontro Campinense do PROFMAT ser\u00e1 realizado no dia 18\/10\/2024, das 08h \u00e0s 17h, no Centro de Extens\u00e3o Jos\u00e9 Farias N\u00f3brega da UFCG. Al\u00e9m das comunica\u00e7\u00f5es orais e p\u00f4steres dos estudantes e egressos do PROFMAT, contaremos tamb\u00e9m com palestras de ilustres professores(as):<\/p>\n<p><strong>Carmen Vieira Mathias (UFSM)<\/strong><\/p>\n<p><strong>Hil\u00e1rio Alencar da Silva (UFAL)<\/strong><\/p>\n<p><strong>Mariana Cassol (UFBA)<\/strong><\/p>\n<p><strong>Viviane de Oliveira Santos (UFAL)<\/strong><\/p>\n<p>&nbsp;<\/p>\n<p>As inscri\u00e7\u00f5es devem ser realizadas por meio do site do evento e custam R$ 25,00 para estudantes e R$ 35,00 para professores.<\/p>\n<p><a href=\"https:\/\/www.even3.com.br\/ecprofmat2024\/\">https:\/\/www.even3.com.br\/ecprofmat2024\/<\/a><\/p>\n<p>&nbsp;<\/p>\n<p>Obs. Ap\u00f3s o dia 14\/10 ser\u00e3o aceitas apenas inscri\u00e7\u00f5es presenciais (no dia do evento), com os valores de R$40,00 para estudantes e R$50,00 para professores.<\/p>\n<p><img loading=\"lazy\" decoding=\"async\" class=\" wp-image-1032 aligncenter img-responsive\" src=\"https:\/\/pos-graduacao.uepb.edu.br\/profmat\/files\/2024\/10\/Cartaz-VI-Enco.-Camp.-PROFMAT-1-300x300.jpeg\" alt=\"\" width=\"393\" height=\"393\" srcset=\"https:\/\/pos-graduacao.uepb.edu.br\/profmat\/files\/2024\/10\/Cartaz-VI-Enco.-Camp.-PROFMAT-1-300x300.jpeg 300w, https:\/\/pos-graduacao.uepb.edu.br\/profmat\/files\/2024\/10\/Cartaz-VI-Enco.-Camp.-PROFMAT-1-796x796.jpeg 796w, https:\/\/pos-graduacao.uepb.edu.br\/profmat\/files\/2024\/10\/Cartaz-VI-Enco.-Camp.-PROFMAT-1.jpeg 1080w\" sizes=\"auto, (max-width: 393px) 100vw, 393px\" \/><\/p>\n","protected":false},"excerpt":{"rendered":"<p>O VI Encontro Campinense do PROFMAT ser\u00e1 realizado no dia 18\/10\/2024, das 08h \u00e0s 17h, no Centro de Extens\u00e3o Jos\u00e9 Farias N\u00f3brega da UFCG. Al\u00e9m das comunica\u00e7\u00f5es orais e p\u00f4steres dos estudantes e egressos do PROFMAT, contaremos tamb\u00e9m com palestras de ilustres professores(as): Carmen Vieira Mathias (UFSM) Hil\u00e1rio Alencar da Silva (UFAL) Mariana Cassol (UFBA) <a class=\"leiamais\" href=\"https:\/\/pos-graduacao.uepb.edu.br\/profmat\/2024\/10\/08\/vi-encontro-campinense-do-profmat\/\">Leia Mais&#8230;<\/a><\/p>\n","protected":false},"author":65,"featured_media":0,"comment_status":"open","ping_status":"open","sticky":false,"template":"","format":"standard","meta":{"footnotes":""},"categories":[4],"tags":[],"class_list":["post-1031","post","type-post","status-publish","format-standard","hentry","category-noticias"],"_links":{"self":[{"href":"https:\/\/pos-graduacao.uepb.edu.br\/profmat\/wp-json\/wp\/v2\/posts\/1031","targetHints":{"allow":["GET"]}}],"collection":[{"href":"https:\/\/pos-graduacao.uepb.edu.br\/profmat\/wp-json\/wp\/v2\/posts"}],"about":[{"href":"https:\/\/pos-graduacao.uepb.edu.br\/profmat\/wp-json\/wp\/v2\/types\/post"}],"author":[{"embeddable":true,"href":"https:\/\/pos-graduacao.uepb.edu.br\/profmat\/wp-json\/wp\/v2\/users\/65"}],"replies":[{"embeddable":true,"href":"https:\/\/pos-graduacao.uepb.edu.br\/profmat\/wp-json\/wp\/v2\/comments?post=1031"}],"version-history":[{"count":2,"href":"https:\/\/pos-graduacao.uepb.edu.br\/profmat\/wp-json\/wp\/v2\/posts\/1031\/revisions"}],"predecessor-version":[{"id":1034,"href":"https:\/\/pos-graduacao.uepb.edu.br\/profmat\/wp-json\/wp\/v2\/posts\/1031\/revisions\/1034"}],"wp:attachment":[{"href":"https:\/\/pos-graduacao.uepb.edu.br\/profmat\/wp-json\/wp\/v2\/media?parent=1031"}],"wp:term":[{"taxonomy":"category","embeddable":true,"href":"https:\/\/pos-graduacao.uepb.edu.br\/profmat\/wp-json\/wp\/v2\/categories?post=1031"},{"taxonomy":"post_tag","embeddable":true,"href":"https:\/\/pos-graduacao.uepb.edu.br\/profmat\/wp-json\/wp\/v2\/tags?post=1031"}],"curies":[{"name":"wp","href":"https:\/\/api.w.org\/{rel}","templated":true}]}}