{"id":420,"date":"2025-12-12T14:10:30","date_gmt":"2025-12-12T14:10:30","guid":{"rendered":"https:\/\/pos-graduacao.uepb.edu.br\/profletras\/?p=420"},"modified":"2025-12-12T14:36:11","modified_gmt":"2025-12-12T14:36:11","slug":"profletras-uepb-abre-processo-eleitoral-para-escolha-da-nova-coordenacao","status":"publish","type":"post","link":"https:\/\/pos-graduacao.uepb.edu.br\/profletras\/profletras-uepb-abre-processo-eleitoral-para-escolha-da-nova-coordenacao\/","title":{"rendered":"PROFLETRAS\/UEPB abre processo eleitoral para escolha da nova Coordena\u00e7\u00e3o"},"content":{"rendered":"<p>A Comiss\u00e3o Eleitoral do PROFLETRAS\/UEPB, no uso de suas atribui\u00e7\u00f5es, divulga o edital para as candidaturas aos cargos de Coordenador(a) e Coordenador(a) Adjunto(a) do Mestrado Profissional em Letras, que funciona no Campus III da Universidade Estadual da Para\u00edba (UEPB), situado em Guarabira. De acordo com o edital, s\u00f3 ser\u00e3o aceitas as inscri\u00e7\u00f5es de chapas compostas por professores que integram o Programa de P\u00f3s-Gradua\u00e7\u00e3o em Rede Nacional.<\/p>\n<p>As inscri\u00e7\u00f5es dever\u00e3o ser encaminhadas a secretaria do PROFLETRAS atrav\u00e9s do e-mail profletras@setor.uepb.edu.br e apresentar requerimento indicando o cargo que visa disputar, bem como carta programa e declara\u00e7\u00e3o de aceita\u00e7\u00e3o dos termos estabelecidos pelo\u00a0<a href=\"https:\/\/pos-graduacao.uepb.edu.br\/profletras\/download\/edital-eleicao-coordenacao-profletras-uepb\/\"><strong>edital<\/strong><\/a>. N\u00e3o ser\u00e1 permitida a inscri\u00e7\u00e3o de candidato isolado, devendo estar vinculado em chapa.<\/p>\n<p>A elei\u00e7\u00e3o para a escolha da nova coordena\u00e7\u00e3o do Mestrado Profissional em Letras ocorrer\u00e1 no dia 25 de fevereiro de 2026. Ser\u00e3o considerados eleitores os professores credenciados ao PROFLETRAS e em exerc\u00edcio de suas fun\u00e7\u00f5es, os estudantes regularmente matriculados e os servidores lotados na secretaria do referido programa.<\/p>\n","protected":false},"excerpt":{"rendered":"<p>A Comiss\u00e3o Eleitoral do PROFLETRAS\/UEPB, no uso de suas atribui\u00e7\u00f5es, divulga o edital para as candidaturas aos cargos de Coordenador(a) e Coordenador(a) Adjunto(a) do Mestrado Profissional em Letras, que funciona no Campus III da Universidade Estadual da Para\u00edba (UEPB), situado em Guarabira. De acordo com o edital, s\u00f3 ser\u00e3o aceitas as inscri\u00e7\u00f5es de chapas compostas <a class=\"leiamais\" href=\"https:\/\/pos-graduacao.uepb.edu.br\/profletras\/profletras-uepb-abre-processo-eleitoral-para-escolha-da-nova-coordenacao\/\">Leia Mais&#8230;<\/a><\/p>\n","protected":false},"author":61,"featured_media":0,"comment_status":"open","ping_status":"open","sticky":false,"template":"","format":"standard","meta":{"footnotes":""},"categories":[5],"tags":[],"class_list":["post-420","post","type-post","status-publish","format-standard","hentry","category-noticias"],"_links":{"self":[{"href":"https:\/\/pos-graduacao.uepb.edu.br\/profletras\/wp-json\/wp\/v2\/posts\/420","targetHints":{"allow":["GET"]}}],"collection":[{"href":"https:\/\/pos-graduacao.uepb.edu.br\/profletras\/wp-json\/wp\/v2\/posts"}],"about":[{"href":"https:\/\/pos-graduacao.uepb.edu.br\/profletras\/wp-json\/wp\/v2\/types\/post"}],"author":[{"embeddable":true,"href":"https:\/\/pos-graduacao.uepb.edu.br\/profletras\/wp-json\/wp\/v2\/users\/61"}],"replies":[{"embeddable":true,"href":"https:\/\/pos-graduacao.uepb.edu.br\/profletras\/wp-json\/wp\/v2\/comments?post=420"}],"version-history":[{"count":2,"href":"https:\/\/pos-graduacao.uepb.edu.br\/profletras\/wp-json\/wp\/v2\/posts\/420\/revisions"}],"predecessor-version":[{"id":423,"href":"https:\/\/pos-graduacao.uepb.edu.br\/profletras\/wp-json\/wp\/v2\/posts\/420\/revisions\/423"}],"wp:attachment":[{"href":"https:\/\/pos-graduacao.uepb.edu.br\/profletras\/wp-json\/wp\/v2\/media?parent=420"}],"wp:term":[{"taxonomy":"category","embeddable":true,"href":"https:\/\/pos-graduacao.uepb.edu.br\/profletras\/wp-json\/wp\/v2\/categories?post=420"},{"taxonomy":"post_tag","embeddable":true,"href":"https:\/\/pos-graduacao.uepb.edu.br\/profletras\/wp-json\/wp\/v2\/tags?post=420"}],"curies":[{"name":"wp","href":"https:\/\/api.w.org\/{rel}","templated":true}]}}