{"id":416,"date":"2025-09-17T12:30:40","date_gmt":"2025-09-17T12:30:40","guid":{"rendered":"https:\/\/pos-graduacao.uepb.edu.br\/profletras\/?p=416"},"modified":"2025-09-17T12:38:48","modified_gmt":"2025-09-17T12:38:48","slug":"mestrado-profissional-em-letras-lanca-edital-para-o-exame-nacional-de-acesso-ao-profletras-2026","status":"publish","type":"post","link":"https:\/\/pos-graduacao.uepb.edu.br\/profletras\/mestrado-profissional-em-letras-lanca-edital-para-o-exame-nacional-de-acesso-ao-profletras-2026\/","title":{"rendered":"Mestrado Profissional em Letras lan\u00e7a edital para o Exame Nacional de Acesso ao PROFLETRAS 2026"},"content":{"rendered":"<p><a href=\"https:\/\/pos-graduacao.uepb.edu.br\/profletras\/files\/2024\/08\/WhatsApp-Image-2025-09-15-at-15.33.29.jpeg\" rel=\"lightbox[416]\"><img loading=\"lazy\" decoding=\"async\" class=\"alignleft size-medium wp-image-413 img-responsive\" src=\"https:\/\/pos-graduacao.uepb.edu.br\/profletras\/files\/2024\/08\/WhatsApp-Image-2025-09-15-at-15.33.29-240x300.jpeg\" alt=\"\" width=\"240\" height=\"300\" srcset=\"https:\/\/pos-graduacao.uepb.edu.br\/profletras\/files\/2024\/08\/WhatsApp-Image-2025-09-15-at-15.33.29-240x300.jpeg 240w, https:\/\/pos-graduacao.uepb.edu.br\/profletras\/files\/2024\/08\/WhatsApp-Image-2025-09-15-at-15.33.29-637x796.jpeg 637w, https:\/\/pos-graduacao.uepb.edu.br\/profletras\/files\/2024\/08\/WhatsApp-Image-2025-09-15-at-15.33.29.jpeg 1080w\" sizes=\"auto, (max-width: 240px) 100vw, 240px\" \/><\/a>Est\u00e3o abertas as inscri\u00e7\u00f5es para o Exame Nacional de Acesso ao Mestrado Profissional em Letras (PROFLETRAS), ofertado pelo Campus III da Universidade Estadual da Para\u00edba (UEPB), situado em Guarabira, em parceria com a Universidade Federal do Rio Grande do Norte (UFRN).<\/p>\n<p>Com o objetivo de capacitar professores e contribuir para a melhoria da qualidade do ensino no Pa\u00eds, o PROFLETRAS \u00e9 um curso semipresencial com aulas presenciais, com oferta simult\u00e2nea nacional no \u00e2mbito do Sistema da Universidade Aberta do Brasil (UAB). A sele\u00e7\u00e3o \u00e9 voltada para diplomados no curso superior de Licenciatura em Letras \u2013 Portugu\u00eas ou Pedagogia e estejam ministrando aulas de L\u00edngua Portuguesa no Ensino Fundamental e\/ou Ensino M\u00e9dio, em Escola da Rede P\u00fablica de Ensino do Brasil.<\/p>\n<p>Para o Centro de Humanidades (CH), est\u00e3o sendo disponibilizadas 16 vagas. As inscri\u00e7\u00f5es v\u00e3o at\u00e9 \u00e0s 23h59 (hor\u00e1rio de Bras\u00edlia) do dia 15 de outubro de 2025 e devem ser realizadas no site <a href=\"https:\/\/comperve.ufrn.br\/conteudo\/posgraduacao\/profletras\/202502\/informacoes.php\">www.comperve.ufrn.br<\/a>. O edital apresenta todas as informa\u00e7\u00f5es sobre taxas, requisitos de participa\u00e7\u00e3o, etapas da sele\u00e7\u00e3o e bibliografia indicada para a prova.<\/p>\n<p>Para obter mais informa\u00e7\u00f5es, confira o\u00a0<a href=\"https:\/\/comperve.ufrn.br\/conteudo\/posgraduacao\/profletras\/202502\/documentos\/edital\/EDITAL-V-B-Edital_N%23%23_002%232025_(retificado_em_21_de_agosto_de_2025).pdf\">edital<\/a>.<\/p>\n","protected":false},"excerpt":{"rendered":"<p>Est\u00e3o abertas as inscri\u00e7\u00f5es para o Exame Nacional de Acesso ao Mestrado Profissional em Letras (PROFLETRAS), ofertado pelo Campus III da Universidade Estadual da Para\u00edba (UEPB), situado em Guarabira, em parceria com a Universidade Federal do Rio Grande do Norte (UFRN). Com o objetivo de capacitar professores e contribuir para a melhoria da qualidade do <a class=\"leiamais\" href=\"https:\/\/pos-graduacao.uepb.edu.br\/profletras\/mestrado-profissional-em-letras-lanca-edital-para-o-exame-nacional-de-acesso-ao-profletras-2026\/\">Leia Mais&#8230;<\/a><\/p>\n","protected":false},"author":61,"featured_media":0,"comment_status":"open","ping_status":"open","sticky":false,"template":"","format":"standard","meta":{"footnotes":""},"categories":[5],"tags":[],"class_list":["post-416","post","type-post","status-publish","format-standard","hentry","category-noticias"],"_links":{"self":[{"href":"https:\/\/pos-graduacao.uepb.edu.br\/profletras\/wp-json\/wp\/v2\/posts\/416","targetHints":{"allow":["GET"]}}],"collection":[{"href":"https:\/\/pos-graduacao.uepb.edu.br\/profletras\/wp-json\/wp\/v2\/posts"}],"about":[{"href":"https:\/\/pos-graduacao.uepb.edu.br\/profletras\/wp-json\/wp\/v2\/types\/post"}],"author":[{"embeddable":true,"href":"https:\/\/pos-graduacao.uepb.edu.br\/profletras\/wp-json\/wp\/v2\/users\/61"}],"replies":[{"embeddable":true,"href":"https:\/\/pos-graduacao.uepb.edu.br\/profletras\/wp-json\/wp\/v2\/comments?post=416"}],"version-history":[{"count":2,"href":"https:\/\/pos-graduacao.uepb.edu.br\/profletras\/wp-json\/wp\/v2\/posts\/416\/revisions"}],"predecessor-version":[{"id":418,"href":"https:\/\/pos-graduacao.uepb.edu.br\/profletras\/wp-json\/wp\/v2\/posts\/416\/revisions\/418"}],"wp:attachment":[{"href":"https:\/\/pos-graduacao.uepb.edu.br\/profletras\/wp-json\/wp\/v2\/media?parent=416"}],"wp:term":[{"taxonomy":"category","embeddable":true,"href":"https:\/\/pos-graduacao.uepb.edu.br\/profletras\/wp-json\/wp\/v2\/categories?post=416"},{"taxonomy":"post_tag","embeddable":true,"href":"https:\/\/pos-graduacao.uepb.edu.br\/profletras\/wp-json\/wp\/v2\/tags?post=416"}],"curies":[{"name":"wp","href":"https:\/\/api.w.org\/{rel}","templated":true}]}}