{"id":323,"date":"2026-02-26T08:30:09","date_gmt":"2026-02-26T08:30:09","guid":{"rendered":"https:\/\/pos-graduacao.uepb.edu.br\/profletras\/?p=323"},"modified":"2026-02-26T11:41:07","modified_gmt":"2026-02-26T11:41:07","slug":"https-pos-graduacao-uepb-edu-br-profletras-download-resultado-da-apuracao-de-votos-eleicao-profletras","status":"publish","type":"post","link":"https:\/\/pos-graduacao.uepb.edu.br\/profletras\/https-pos-graduacao-uepb-edu-br-profletras-download-resultado-da-apuracao-de-votos-eleicao-profletras\/","title":{"rendered":"Comiss\u00e3o Eleitoral divulga resultado da elei\u00e7\u00e3o para Coordena\u00e7\u00e3o do PROFLETRAS\/UEPB"},"content":{"rendered":"<p>A Comiss\u00e3o Eleitoral do Mestrado Profissional em Letras \u2013 PROFLETRAS\/UEPB, no uso de suas atribui\u00e7\u00f5es e considerando a RESOLU\u00c7\u00c3O\/UEPB\/CONSUNI\/025\/2007, RESOLU\u00c7\u00c3O\/CONSUNI\/003\/2008, RESOLU\u00c7\u00c3O\/CONSUNI\/017\/2009 e RESOLU\u00c7\u00c3O\/UEPB\/COSUNI\/002\/2021, vem a p\u00fablico divulgar o resultado da elei\u00e7\u00e3o para a Coordena\u00e7\u00e3o do Programa. <a href=\"https:\/\/pos-graduacao.uepb.edu.br\/profletras\/download\/resultado-da-apuracao-de-votos-eleicao-profletras\/\">AQUI<\/a><\/p>\n","protected":false},"excerpt":{"rendered":"<p>A Comiss\u00e3o Eleitoral do Mestrado Profissional em Letras \u2013 PROFLETRAS\/UEPB, no uso de suas atribui\u00e7\u00f5es e considerando a RESOLU\u00c7\u00c3O\/UEPB\/CONSUNI\/025\/2007, RESOLU\u00c7\u00c3O\/CONSUNI\/003\/2008, RESOLU\u00c7\u00c3O\/CONSUNI\/017\/2009 e RESOLU\u00c7\u00c3O\/UEPB\/COSUNI\/002\/2021, vem a p\u00fablico divulgar o resultado da elei\u00e7\u00e3o para a Coordena\u00e7\u00e3o do Programa. AQUI<\/p>\n","protected":false},"author":61,"featured_media":0,"comment_status":"open","ping_status":"open","sticky":false,"template":"","format":"standard","meta":{"footnotes":""},"categories":[5],"tags":[],"class_list":["post-323","post","type-post","status-publish","format-standard","hentry","category-noticias"],"_links":{"self":[{"href":"https:\/\/pos-graduacao.uepb.edu.br\/profletras\/wp-json\/wp\/v2\/posts\/323","targetHints":{"allow":["GET"]}}],"collection":[{"href":"https:\/\/pos-graduacao.uepb.edu.br\/profletras\/wp-json\/wp\/v2\/posts"}],"about":[{"href":"https:\/\/pos-graduacao.uepb.edu.br\/profletras\/wp-json\/wp\/v2\/types\/post"}],"author":[{"embeddable":true,"href":"https:\/\/pos-graduacao.uepb.edu.br\/profletras\/wp-json\/wp\/v2\/users\/61"}],"replies":[{"embeddable":true,"href":"https:\/\/pos-graduacao.uepb.edu.br\/profletras\/wp-json\/wp\/v2\/comments?post=323"}],"version-history":[{"count":5,"href":"https:\/\/pos-graduacao.uepb.edu.br\/profletras\/wp-json\/wp\/v2\/posts\/323\/revisions"}],"predecessor-version":[{"id":441,"href":"https:\/\/pos-graduacao.uepb.edu.br\/profletras\/wp-json\/wp\/v2\/posts\/323\/revisions\/441"}],"wp:attachment":[{"href":"https:\/\/pos-graduacao.uepb.edu.br\/profletras\/wp-json\/wp\/v2\/media?parent=323"}],"wp:term":[{"taxonomy":"category","embeddable":true,"href":"https:\/\/pos-graduacao.uepb.edu.br\/profletras\/wp-json\/wp\/v2\/categories?post=323"},{"taxonomy":"post_tag","embeddable":true,"href":"https:\/\/pos-graduacao.uepb.edu.br\/profletras\/wp-json\/wp\/v2\/tags?post=323"}],"curies":[{"name":"wp","href":"https:\/\/api.w.org\/{rel}","templated":true}]}}