{"id":313,"date":"2026-02-09T10:38:19","date_gmt":"2026-02-09T10:38:19","guid":{"rendered":"https:\/\/pos-graduacao.uepb.edu.br\/profletras\/?p=313"},"modified":"2026-02-09T13:39:29","modified_gmt":"2026-02-09T13:39:29","slug":"divulgacao-da-chapa-homologada-eleicao-para-coordenacao-do-profletras-uepb","status":"publish","type":"post","link":"https:\/\/pos-graduacao.uepb.edu.br\/profletras\/divulgacao-da-chapa-homologada-eleicao-para-coordenacao-do-profletras-uepb\/","title":{"rendered":"Divulga\u00e7\u00e3o da Chapa Homologada para Elei\u00e7\u00e3o da Coordena\u00e7\u00e3o do PROFLETRAS\/UEPB"},"content":{"rendered":"<p>A Comiss\u00e3o Eleitoral respons\u00e1vel pela elei\u00e7\u00e3o dos novos gestores do Mestrado Profissional em Letras &#8211; PROFLETRAS\/UEPB, no exerc\u00edcio de suas atribui\u00e7\u00f5es, torna p\u00fablica a homologa\u00e7\u00e3o da chapa inscrita no processo eleitoral <a href=\"https:\/\/pos-graduacao.uepb.edu.br\/profletras\/download\/homologacao-de-candidatura-coordenacao-profletras-uepb\/\">aqui.<\/a><\/p>\n","protected":false},"excerpt":{"rendered":"<p>A Comiss\u00e3o Eleitoral respons\u00e1vel pela elei\u00e7\u00e3o dos novos gestores do Mestrado Profissional em Letras &#8211; PROFLETRAS\/UEPB, no exerc\u00edcio de suas atribui\u00e7\u00f5es, torna p\u00fablica a homologa\u00e7\u00e3o da chapa inscrita no processo eleitoral aqui.<\/p>\n","protected":false},"author":61,"featured_media":0,"comment_status":"open","ping_status":"open","sticky":false,"template":"","format":"standard","meta":{"footnotes":""},"categories":[5],"tags":[],"class_list":["post-313","post","type-post","status-publish","format-standard","hentry","category-noticias"],"_links":{"self":[{"href":"https:\/\/pos-graduacao.uepb.edu.br\/profletras\/wp-json\/wp\/v2\/posts\/313","targetHints":{"allow":["GET"]}}],"collection":[{"href":"https:\/\/pos-graduacao.uepb.edu.br\/profletras\/wp-json\/wp\/v2\/posts"}],"about":[{"href":"https:\/\/pos-graduacao.uepb.edu.br\/profletras\/wp-json\/wp\/v2\/types\/post"}],"author":[{"embeddable":true,"href":"https:\/\/pos-graduacao.uepb.edu.br\/profletras\/wp-json\/wp\/v2\/users\/61"}],"replies":[{"embeddable":true,"href":"https:\/\/pos-graduacao.uepb.edu.br\/profletras\/wp-json\/wp\/v2\/comments?post=313"}],"version-history":[{"count":4,"href":"https:\/\/pos-graduacao.uepb.edu.br\/profletras\/wp-json\/wp\/v2\/posts\/313\/revisions"}],"predecessor-version":[{"id":430,"href":"https:\/\/pos-graduacao.uepb.edu.br\/profletras\/wp-json\/wp\/v2\/posts\/313\/revisions\/430"}],"wp:attachment":[{"href":"https:\/\/pos-graduacao.uepb.edu.br\/profletras\/wp-json\/wp\/v2\/media?parent=313"}],"wp:term":[{"taxonomy":"category","embeddable":true,"href":"https:\/\/pos-graduacao.uepb.edu.br\/profletras\/wp-json\/wp\/v2\/categories?post=313"},{"taxonomy":"post_tag","embeddable":true,"href":"https:\/\/pos-graduacao.uepb.edu.br\/profletras\/wp-json\/wp\/v2\/tags?post=313"}],"curies":[{"name":"wp","href":"https:\/\/api.w.org\/{rel}","templated":true}]}}