{"id":307,"date":"2023-11-09T19:57:58","date_gmt":"2023-11-09T19:57:58","guid":{"rendered":"https:\/\/pos-graduacao.uepb.edu.br\/profletras\/?p=307"},"modified":"2023-11-09T19:57:58","modified_gmt":"2023-11-09T19:57:58","slug":"mestrado-profissional-em-letras-lanca-edital-para-a-escolha-de-novos-coordenadores-do-curso-2","status":"publish","type":"post","link":"https:\/\/pos-graduacao.uepb.edu.br\/profletras\/mestrado-profissional-em-letras-lanca-edital-para-a-escolha-de-novos-coordenadores-do-curso-2\/","title":{"rendered":"Mestrado Profissional em Letras lan\u00e7a edital para a escolha de novos Coordenadores do Curso"},"content":{"rendered":"<p>De 09 a 20 de novembro estar\u00e1 aberto o per\u00edodo de inscri\u00e7\u00e3o para os docentes interessados em concorrer aos cargos de Coordenador e Coordenador Adjunto do Mestrado Profissional em Letras (PROFLETRAS), que funciona no Campus III da Universidade Estadual da Para\u00edba (UEPB), situado em Guarabira. De acordo com o edital, s\u00f3 ser\u00e3o aceitas as inscri\u00e7\u00f5es de chapas compostas por professores que integram o Programa de P\u00f3s-Gradua\u00e7\u00e3o em Rede Nacional.<\/p>\n<p>As inscri\u00e7\u00f5es dever\u00e3o ser encaminhadas a secretaria do PROFLETRAS atrav\u00e9s do e-mail profletras@setor.uepb.edu.br e apresentar requerimento indicando o cargo que visa disputar, bem como carta programa e declara\u00e7\u00e3o de aceita\u00e7\u00e3o dos termos estabelecidos pelo\u00a0<a href=\"https:\/\/pos-graduacao.uepb.edu.br\/profletras\/download\/edital-eleicao-profletras-2023\/\"><strong>edital<\/strong><\/a>. N\u00e3o ser\u00e1 permitida a inscri\u00e7\u00e3o de candidato isolado, devendo estar vinculado em chapa.<\/p>\n<p>A elei\u00e7\u00e3o para a escolha do novo coordenador do Mestrado Profissional em Letras, e de seu respectivo adjunto, ocorrer\u00e1 no dia 28 de novembro. Ser\u00e3o considerados eleitores os professores credenciados ao PROFLETRAS e em exerc\u00edcio de suas fun\u00e7\u00f5es, os estudantes regularmente matriculados e os servidores lotados na secretaria do referido programa.<\/p>\n","protected":false},"excerpt":{"rendered":"<p>De 09 a 20 de novembro estar\u00e1 aberto o per\u00edodo de inscri\u00e7\u00e3o para os docentes interessados em concorrer aos cargos de Coordenador e Coordenador Adjunto do Mestrado Profissional em Letras (PROFLETRAS), que funciona no Campus III da Universidade Estadual da Para\u00edba (UEPB), situado em Guarabira. De acordo com o edital, s\u00f3 ser\u00e3o aceitas as inscri\u00e7\u00f5es <a class=\"leiamais\" href=\"https:\/\/pos-graduacao.uepb.edu.br\/profletras\/mestrado-profissional-em-letras-lanca-edital-para-a-escolha-de-novos-coordenadores-do-curso-2\/\">Leia Mais&#8230;<\/a><\/p>\n","protected":false},"author":61,"featured_media":0,"comment_status":"open","ping_status":"open","sticky":false,"template":"","format":"standard","meta":{"footnotes":""},"categories":[5],"tags":[],"class_list":["post-307","post","type-post","status-publish","format-standard","hentry","category-noticias"],"_links":{"self":[{"href":"https:\/\/pos-graduacao.uepb.edu.br\/profletras\/wp-json\/wp\/v2\/posts\/307","targetHints":{"allow":["GET"]}}],"collection":[{"href":"https:\/\/pos-graduacao.uepb.edu.br\/profletras\/wp-json\/wp\/v2\/posts"}],"about":[{"href":"https:\/\/pos-graduacao.uepb.edu.br\/profletras\/wp-json\/wp\/v2\/types\/post"}],"author":[{"embeddable":true,"href":"https:\/\/pos-graduacao.uepb.edu.br\/profletras\/wp-json\/wp\/v2\/users\/61"}],"replies":[{"embeddable":true,"href":"https:\/\/pos-graduacao.uepb.edu.br\/profletras\/wp-json\/wp\/v2\/comments?post=307"}],"version-history":[{"count":2,"href":"https:\/\/pos-graduacao.uepb.edu.br\/profletras\/wp-json\/wp\/v2\/posts\/307\/revisions"}],"predecessor-version":[{"id":311,"href":"https:\/\/pos-graduacao.uepb.edu.br\/profletras\/wp-json\/wp\/v2\/posts\/307\/revisions\/311"}],"wp:attachment":[{"href":"https:\/\/pos-graduacao.uepb.edu.br\/profletras\/wp-json\/wp\/v2\/media?parent=307"}],"wp:term":[{"taxonomy":"category","embeddable":true,"href":"https:\/\/pos-graduacao.uepb.edu.br\/profletras\/wp-json\/wp\/v2\/categories?post=307"},{"taxonomy":"post_tag","embeddable":true,"href":"https:\/\/pos-graduacao.uepb.edu.br\/profletras\/wp-json\/wp\/v2\/tags?post=307"}],"curies":[{"name":"wp","href":"https:\/\/api.w.org\/{rel}","templated":true}]}}