{"id":304,"date":"2023-09-05T13:12:38","date_gmt":"2023-09-05T13:12:38","guid":{"rendered":"https:\/\/pos-graduacao.uepb.edu.br\/profletras\/?p=304"},"modified":"2023-09-05T13:12:38","modified_gmt":"2023-09-05T13:12:38","slug":"mestrado-profissional-em-letras-profletras-lanca-edital-para-selecao-da-decima-turma","status":"publish","type":"post","link":"https:\/\/pos-graduacao.uepb.edu.br\/profletras\/mestrado-profissional-em-letras-profletras-lanca-edital-para-selecao-da-decima-turma\/","title":{"rendered":"Mestrado Profissional em Letras (PROFLETRAS) lan\u00e7a Edital para Sele\u00e7\u00e3o da D\u00e9cima Turma"},"content":{"rendered":"<p>De 06 de setembro a 01 de outubro de 2023, estar\u00e1 aberto o prazo de inscri\u00e7\u00e3o para os interessados em participar do processo seletivo referente \u00e0 forma\u00e7\u00e3o da d\u00e9cima turma do Mestrado Profissional em Letras (PROFLETRAS), ofertado pelo Campus III da Universidade Estadual da Para\u00edba (UEPB), situado em Guarabira, em parceria com a Universidade Federal do Rio Grande do Norte (UFRN).<\/p>\n<p>Com o objetivo de capacitar professores e contribuir para a melhoria da qualidade do ensino no Pa\u00eds, o PROFLETRAS \u00e9 um curso semipresencial com aulas presenciais, com oferta simult\u00e2nea nacional no \u00e2mbito do Sistema da Universidade Aberta do Brasil (UAB). A sele\u00e7\u00e3o \u00e9 voltada, exclusivamente, para portadores de diploma do Curso de Licenciatura em Letras \u2013 Habilita\u00e7\u00e3o Portugu\u00eas. Para a Turma 2024, ser\u00e1 permitido o ingresso de professores n\u00e3o efetivos e\/ou que lecionem no Ensino M\u00e9dio.<\/p>\n<p>Para o Centro de Humanidades (CH), est\u00e3o sendo disponibilizadas 16 vagas. As inscri\u00e7\u00f5es ser\u00e3o realizadas, exclusivamente, pela internet, por meio do endere\u00e7o eletr\u00f4nico\u00a0<a href=\"http:\/\/www.comperve.ufrn.br\/\">www.comperve.ufrn.br<\/a>. O candidato dever\u00e1 preencher devidamente o Formul\u00e1rio de Inscri\u00e7\u00e3o e, em seguida, imprimir a Guia de Recolhimento da Uni\u00e3o (GRU) para efetuar o pagamento.<\/p>\n<p>Para obter mais informa\u00e7\u00f5es, confira o\u00a0<a href=\"http:\/\/comperve.ufrn.br\/conteudo\/posgraduacao\/profletras\/202301\/documentos\/edital_20230830.pdf\">edital<\/a>.<\/p>\n<p>Coordena\u00e7\u00e3o PROFLETRAS\/UEPB<\/p>\n","protected":false},"excerpt":{"rendered":"<p>De 06 de setembro a 01 de outubro de 2023, estar\u00e1 aberto o prazo de inscri\u00e7\u00e3o para os interessados em participar do processo seletivo referente \u00e0 forma\u00e7\u00e3o da d\u00e9cima turma do Mestrado Profissional em Letras (PROFLETRAS), ofertado pelo Campus III da Universidade Estadual da Para\u00edba (UEPB), situado em Guarabira, em parceria com a Universidade Federal <a class=\"leiamais\" href=\"https:\/\/pos-graduacao.uepb.edu.br\/profletras\/mestrado-profissional-em-letras-profletras-lanca-edital-para-selecao-da-decima-turma\/\">Leia Mais&#8230;<\/a><\/p>\n","protected":false},"author":61,"featured_media":0,"comment_status":"open","ping_status":"open","sticky":false,"template":"","format":"standard","meta":{"footnotes":""},"categories":[5],"tags":[],"class_list":["post-304","post","type-post","status-publish","format-standard","hentry","category-noticias"],"_links":{"self":[{"href":"https:\/\/pos-graduacao.uepb.edu.br\/profletras\/wp-json\/wp\/v2\/posts\/304","targetHints":{"allow":["GET"]}}],"collection":[{"href":"https:\/\/pos-graduacao.uepb.edu.br\/profletras\/wp-json\/wp\/v2\/posts"}],"about":[{"href":"https:\/\/pos-graduacao.uepb.edu.br\/profletras\/wp-json\/wp\/v2\/types\/post"}],"author":[{"embeddable":true,"href":"https:\/\/pos-graduacao.uepb.edu.br\/profletras\/wp-json\/wp\/v2\/users\/61"}],"replies":[{"embeddable":true,"href":"https:\/\/pos-graduacao.uepb.edu.br\/profletras\/wp-json\/wp\/v2\/comments?post=304"}],"version-history":[{"count":1,"href":"https:\/\/pos-graduacao.uepb.edu.br\/profletras\/wp-json\/wp\/v2\/posts\/304\/revisions"}],"predecessor-version":[{"id":305,"href":"https:\/\/pos-graduacao.uepb.edu.br\/profletras\/wp-json\/wp\/v2\/posts\/304\/revisions\/305"}],"wp:attachment":[{"href":"https:\/\/pos-graduacao.uepb.edu.br\/profletras\/wp-json\/wp\/v2\/media?parent=304"}],"wp:term":[{"taxonomy":"category","embeddable":true,"href":"https:\/\/pos-graduacao.uepb.edu.br\/profletras\/wp-json\/wp\/v2\/categories?post=304"},{"taxonomy":"post_tag","embeddable":true,"href":"https:\/\/pos-graduacao.uepb.edu.br\/profletras\/wp-json\/wp\/v2\/tags?post=304"}],"curies":[{"name":"wp","href":"https:\/\/api.w.org\/{rel}","templated":true}]}}