{"id":297,"date":"2022-12-19T15:39:40","date_gmt":"2022-12-19T15:39:40","guid":{"rendered":"https:\/\/pos-graduacao.uepb.edu.br\/profletras\/?p=297"},"modified":"2022-12-19T15:48:58","modified_gmt":"2022-12-19T15:48:58","slug":"profletras-realiza-vii-forum-nacional-de-coordenadores-de-unidades","status":"publish","type":"post","link":"https:\/\/pos-graduacao.uepb.edu.br\/profletras\/profletras-realiza-vii-forum-nacional-de-coordenadores-de-unidades\/","title":{"rendered":"PROFLETRAS REALIZA VII F\u00d3RUM NACIONAL DE COORDENADORES DE UNIDADES"},"content":{"rendered":"<p><span style=\"color: #000000\"><a href=\"https:\/\/pos-graduacao.uepb.edu.br\/profletras\/files\/2022\/12\/WhatsApp-Image-2022-12-19-at-12.06.51.jpeg\" rel=\"lightbox[297]\"><img loading=\"lazy\" decoding=\"async\" class=\"aligncenter wp-image-299 size-full img-responsive\" src=\"https:\/\/pos-graduacao.uepb.edu.br\/profletras\/files\/2022\/12\/WhatsApp-Image-2022-12-19-at-12.06.51.jpeg\" alt=\"\" width=\"1023\" height=\"1024\" srcset=\"https:\/\/pos-graduacao.uepb.edu.br\/profletras\/files\/2022\/12\/WhatsApp-Image-2022-12-19-at-12.06.51.jpeg 1023w, https:\/\/pos-graduacao.uepb.edu.br\/profletras\/files\/2022\/12\/WhatsApp-Image-2022-12-19-at-12.06.51-300x300.jpeg 300w, https:\/\/pos-graduacao.uepb.edu.br\/profletras\/files\/2022\/12\/WhatsApp-Image-2022-12-19-at-12.06.51-150x150.jpeg 150w, https:\/\/pos-graduacao.uepb.edu.br\/profletras\/files\/2022\/12\/WhatsApp-Image-2022-12-19-at-12.06.51-768x769.jpeg 768w, https:\/\/pos-graduacao.uepb.edu.br\/profletras\/files\/2022\/12\/WhatsApp-Image-2022-12-19-at-12.06.51-370x370.jpeg 370w, https:\/\/pos-graduacao.uepb.edu.br\/profletras\/files\/2022\/12\/WhatsApp-Image-2022-12-19-at-12.06.51-840x841.jpeg 840w\" sizes=\"auto, (max-width: 1023px) 100vw, 1023px\" \/><\/a>Coordenadores das unidades do PROFLETRAS das cinco regi\u00f5es do Brasil estiveram reunidos na Universidade de S\u00e3o Paulo (USP) em S\u00e3o Paulo nos dias 14 e 15 de dezembro de 2022 para analisar o parecer de avalia\u00e7\u00e3o da quadrienal (2017\/2020) emitido pela comiss\u00e3o de avalia\u00e7\u00e3o da CAPES bem como para realizar uma primeira autoavalia\u00e7\u00e3o do programa ap\u00f3s o parecer da avalia\u00e7\u00e3o quadrienal e esbo\u00e7ar o planejamento estrat\u00e9gico com metas para os pr\u00f3ximos dois anos. <\/span><\/p>\n<p><span style=\"color: #000000\">A mesa de abertura foi com o Prof. Dr. Manoel Mourivaldo Santiago Almeida, Chefe do Departamento de Letras Cl\u00e1ssicas e Vern\u00e1culas &#8211; USP; Prof.\u00aa Dr.\u00aa Mara da Penha Casado Alves \u2013 Coordenadora Nacional do PROFLETRAS; Prof.\u00aa Dr.\u00aa Mari\u00e2ngela de Ara\u00fajo \u2013 Coordenadora da unidade PROFLETRAS \u2013 USP; Prof.\u00aa Dr.\u00aa Ana Cr\u00e9lia Penha Dias \u2013 Representante da Regi\u00e3o Sudeste no Conselho Gestor do PROFLETRAS e o Prof. Dr. Acir M\u00e1rio Karwoski, coordenador nacional adjunto. <\/span><\/p>\n<p><span style=\"color: #000000\">Na programa\u00e7\u00e3o previamente agendada aconteceram tr\u00eas mesas de debates. A mesa 1, relacionada aos itens de avalia\u00e7\u00e3o da quadrienal 1.1 a 1.4 possibilitou uma s\u00edntese do parecer da comiss\u00e3o de \u00e1rea para o indicador PROGRAMA. Os mediadores dessa mesa foram os Professores Dr.\u00aa Ana Cr\u00e9lia Penha Dias (CG \/ UFRJ) e Prof. Dr. Genivaldo Rodrigues Sobrinho (CG \/ UNEMAT). A mesa 2 tratou dos itens 2.1 a 2.5 relacionados \u00e0 FORMA\u00c7\u00c3O e os mediadores foram as professoras Dra. Gianka Salustiano Bezerril de Bastos Gomes (CG \/ UFRN) e Profa. Dra. Rosane Garcia Silva (CG \/ UFAC). A mesa 3 tratou do IMPACTO NA SOCIEDADE (itens de avalia\u00e7\u00e3o da quadrienal 3.1 a 3.3). Os Mediadores foram os Professores Dr. Gilmei Francisco Fleck (CG \/ UNIOESTE) e Dr. Acir Mario Karwoski (CG \/ UFTM). <\/span><\/p>\n<p><span style=\"color: #000000\">Em todas as mesas, a partir dos apontamentos pelos mediadores, houve debates entre os coordenadores com proposi\u00e7\u00f5es de rumos a partir do relat\u00f3rio da avalia\u00e7\u00e3o quadrienal. Assim, partindo da avalia\u00e7\u00e3o do parecer, houve encaminhamentos para a constitui\u00e7\u00e3o de comiss\u00e3o nacional de autoavalia\u00e7\u00e3o do PROFLETRAS; constitui\u00e7\u00e3o da comiss\u00e3o para acompanhamento do preenchimento dos dados na plataforma SUCUPIRA; constitui\u00e7\u00e3o da Comiss\u00e3o de avalia\u00e7\u00e3o do (des)credenciamento e\/ou renova\u00e7\u00e3o de credenciamento de unidades e de docentes. Tamb\u00e9m foi formada uma comiss\u00e3o para organizar o III Congresso Nacional \u2013 10 anos do PROFLETRAS em 2023, provavelmente na sede da Capes, em Brasilia, na segunda quinzena de agosto de 2023. <\/span><\/p>\n<p><span style=\"color: #000000\">Al\u00e9m dos assuntos relacionados \u00e0 gest\u00e3o do programa e forma\u00e7\u00e3o de comiss\u00f5es, foram tratados assuntos administrativos gerais da Secretaria Nacional, a realiza\u00e7\u00e3o do exame nacional de acesso em 2023, edital em andamento, bem como tratadas algumas demandas especificas dos coordenadores das unidades, especialmente sobre planos de trabalho e assuntos relacionados ao custeio das unidades. <\/span><\/p>\n<p><span style=\"color: #000000\">Quem quiser conhecer mais sobre o PROFLETRAS pode acessar <\/span><span style=\"color: #0563c1\"><u><a href=\"http:\/\/www.profletras.ufrn.br\/\">www.profletras.ufrn.br<\/a><\/u><\/span><\/p>\n","protected":false},"excerpt":{"rendered":"<p>Coordenadores das unidades do PROFLETRAS das cinco regi\u00f5es do Brasil estiveram reunidos na Universidade de S\u00e3o Paulo (USP) em S\u00e3o Paulo nos dias 14 e 15 de dezembro de 2022 para analisar o parecer de avalia\u00e7\u00e3o da quadrienal (2017\/2020) emitido pela comiss\u00e3o de avalia\u00e7\u00e3o da CAPES bem como para realizar uma primeira autoavalia\u00e7\u00e3o do programa <a class=\"leiamais\" href=\"https:\/\/pos-graduacao.uepb.edu.br\/profletras\/profletras-realiza-vii-forum-nacional-de-coordenadores-de-unidades\/\">Leia Mais&#8230;<\/a><\/p>\n","protected":false},"author":61,"featured_media":0,"comment_status":"open","ping_status":"open","sticky":false,"template":"","format":"standard","meta":{"footnotes":""},"categories":[5],"tags":[],"class_list":["post-297","post","type-post","status-publish","format-standard","hentry","category-noticias"],"_links":{"self":[{"href":"https:\/\/pos-graduacao.uepb.edu.br\/profletras\/wp-json\/wp\/v2\/posts\/297","targetHints":{"allow":["GET"]}}],"collection":[{"href":"https:\/\/pos-graduacao.uepb.edu.br\/profletras\/wp-json\/wp\/v2\/posts"}],"about":[{"href":"https:\/\/pos-graduacao.uepb.edu.br\/profletras\/wp-json\/wp\/v2\/types\/post"}],"author":[{"embeddable":true,"href":"https:\/\/pos-graduacao.uepb.edu.br\/profletras\/wp-json\/wp\/v2\/users\/61"}],"replies":[{"embeddable":true,"href":"https:\/\/pos-graduacao.uepb.edu.br\/profletras\/wp-json\/wp\/v2\/comments?post=297"}],"version-history":[{"count":2,"href":"https:\/\/pos-graduacao.uepb.edu.br\/profletras\/wp-json\/wp\/v2\/posts\/297\/revisions"}],"predecessor-version":[{"id":301,"href":"https:\/\/pos-graduacao.uepb.edu.br\/profletras\/wp-json\/wp\/v2\/posts\/297\/revisions\/301"}],"wp:attachment":[{"href":"https:\/\/pos-graduacao.uepb.edu.br\/profletras\/wp-json\/wp\/v2\/media?parent=297"}],"wp:term":[{"taxonomy":"category","embeddable":true,"href":"https:\/\/pos-graduacao.uepb.edu.br\/profletras\/wp-json\/wp\/v2\/categories?post=297"},{"taxonomy":"post_tag","embeddable":true,"href":"https:\/\/pos-graduacao.uepb.edu.br\/profletras\/wp-json\/wp\/v2\/tags?post=297"}],"curies":[{"name":"wp","href":"https:\/\/api.w.org\/{rel}","templated":true}]}}