{"id":240,"date":"2020-11-27T19:11:24","date_gmt":"2020-11-27T19:11:24","guid":{"rendered":"https:\/\/pos-graduacao.uepb.edu.br\/profletras\/?p=240"},"modified":"2020-11-27T19:11:24","modified_gmt":"2020-11-27T19:11:24","slug":"mestrado-em-letras-promove-1o-encontro-nacional-e-2a-edicao-do-simposio-estadual-do-profletras","status":"publish","type":"post","link":"https:\/\/pos-graduacao.uepb.edu.br\/profletras\/mestrado-em-letras-promove-1o-encontro-nacional-e-2a-edicao-do-simposio-estadual-do-profletras\/","title":{"rendered":"Mestrado em Letras promove 1\u00ba Encontro Nacional e 2\u00aa edi\u00e7\u00e3o do Simp\u00f3sio Estadual do PROFLETRAS"},"content":{"rendered":"<p>O Programa do Mestrado Profissional em Letras (PROFLETRAS) da Universidade Estadual da Para\u00edba (UEPB) divulgou as datas dos seus pr\u00f3ximos eventos. O 1\u00ba Encontro Nacional do PROFLETRAS (Enaple) e a 2\u00aa edi\u00e7\u00e3o do Simp\u00f3sio Estadual do Mestrado Profissional em Letras (Sempletras) ser\u00e3o realizados nos dias 26 e 27 de novembro de 2020. A transmiss\u00e3o dos eventos ocorrer\u00e1 pela\u00a0<strong><a href=\"https:\/\/www.facebook.com\/UEPBOficial\" target=\"_blank\" rel=\"noreferrer noopener\">p\u00e1gina oficial da UEPB no Facebook<\/a><\/strong>, e pelo\u00a0<strong><a href=\"https:\/\/www.youtube.com\/redeuepb\" target=\"_blank\" rel=\"noreferrer noopener\">canal Rede UEPB, no YouTube<\/a><\/strong>.<\/p>\n<p>A solenidade de abertura est\u00e1 prevista para as 9h do dia 26, seguida da confer\u00eancia de abertura, intitulada \u201cMultiletramentos no contexto das tecnologias contempor\u00e2neas\u201d, com a conferencista convidada Roxane Rojo, professora da Universidade Estadual de Campinas (Unicamp). A mesa ser\u00e1 mediada pela professora do Departamento de Letras da UEPB, Ros\u00e2ngela Neres.<\/p>\n<p>No dia 27 pela manh\u00e3, a programa\u00e7\u00e3o segue com as mesas redondas. A primeira ser\u00e1 \u201cFonologia, gram\u00e1tica e ensino\u201d, que acontece das 9h \u00e0s 10h, com os seguintes participantes: Eliane Pereira Machado Solares, da Universidade Federal do Sul e Sudeste do Par\u00e1 (Unifesspa); e Ediene Pena Ferreira, da Universidade Federal do Oeste do Par\u00e1 (UFOPA).<\/p>\n<p>As mesas 2 e 3 acontecem de 10h \u00e0s 11h e das 11h \u00e0s 12h, respectivamente, com participa\u00e7\u00e3o dos docentes Adna de Almeida Lopes, da Universidade Federal de Alagoas (UFAL); Gl\u00edcia Azevedo Tinoco da Universidade Federal do Rio Grande do Norte (UFRN); Ana Cr\u00e9lia Dias, da Universidade Federal do Rio de Janeiro (UFRJ); e Gilmei Francisco Fleck, da Universidade Estadual do Oeste do Paran\u00e1 (Unioeste).<\/p>\n<p>A confer\u00eancia de encerramento tem como tema \u201cAbordagem comparativa na forma\u00e7\u00e3o de leitores da literatura: propostas e viv\u00eancias\u201d, que acontece das 17h \u00e0s 19h, e ser\u00e1 proferida pelo professor da Universidade Federal de Campina Grande (UFCG), Jos\u00e9 H\u00e9lder Pinheiro (UFCG); e mediada pela professora Suely Costa, da UEPB.<\/p>\n<p><em><strong>Texto:<\/strong>\u00a0Juliana Rosas<\/em><\/p>\n<div id=\"jp-relatedposts\" class=\"jp-relatedposts\">\n<h3 class=\"jp-relatedposts-headline\"><\/h3>\n<div class=\"jp-relatedposts-items jp-relatedposts-items-minimal jp-relatedposts-grid \">\n<p class=\"jp-relatedposts-post jp-relatedposts-post0\" data-post-id=\"10054\" data-post-format=\"false\">\n<\/div>\n<\/div>\n","protected":false},"excerpt":{"rendered":"<p>O Programa do Mestrado Profissional em Letras (PROFLETRAS) da Universidade Estadual da Para\u00edba (UEPB) divulgou as datas dos seus pr\u00f3ximos eventos. O 1\u00ba Encontro Nacional do PROFLETRAS (Enaple) e a 2\u00aa edi\u00e7\u00e3o do Simp\u00f3sio Estadual do Mestrado Profissional em Letras (Sempletras) ser\u00e3o realizados nos dias 26 e 27 de novembro de 2020. A transmiss\u00e3o dos <a class=\"leiamais\" href=\"https:\/\/pos-graduacao.uepb.edu.br\/profletras\/mestrado-em-letras-promove-1o-encontro-nacional-e-2a-edicao-do-simposio-estadual-do-profletras\/\">Leia Mais&#8230;<\/a><\/p>\n","protected":false},"author":3,"featured_media":0,"comment_status":"open","ping_status":"open","sticky":false,"template":"","format":"standard","meta":{"footnotes":""},"categories":[5],"tags":[],"class_list":["post-240","post","type-post","status-publish","format-standard","hentry","category-noticias"],"_links":{"self":[{"href":"https:\/\/pos-graduacao.uepb.edu.br\/profletras\/wp-json\/wp\/v2\/posts\/240","targetHints":{"allow":["GET"]}}],"collection":[{"href":"https:\/\/pos-graduacao.uepb.edu.br\/profletras\/wp-json\/wp\/v2\/posts"}],"about":[{"href":"https:\/\/pos-graduacao.uepb.edu.br\/profletras\/wp-json\/wp\/v2\/types\/post"}],"author":[{"embeddable":true,"href":"https:\/\/pos-graduacao.uepb.edu.br\/profletras\/wp-json\/wp\/v2\/users\/3"}],"replies":[{"embeddable":true,"href":"https:\/\/pos-graduacao.uepb.edu.br\/profletras\/wp-json\/wp\/v2\/comments?post=240"}],"version-history":[{"count":1,"href":"https:\/\/pos-graduacao.uepb.edu.br\/profletras\/wp-json\/wp\/v2\/posts\/240\/revisions"}],"predecessor-version":[{"id":241,"href":"https:\/\/pos-graduacao.uepb.edu.br\/profletras\/wp-json\/wp\/v2\/posts\/240\/revisions\/241"}],"wp:attachment":[{"href":"https:\/\/pos-graduacao.uepb.edu.br\/profletras\/wp-json\/wp\/v2\/media?parent=240"}],"wp:term":[{"taxonomy":"category","embeddable":true,"href":"https:\/\/pos-graduacao.uepb.edu.br\/profletras\/wp-json\/wp\/v2\/categories?post=240"},{"taxonomy":"post_tag","embeddable":true,"href":"https:\/\/pos-graduacao.uepb.edu.br\/profletras\/wp-json\/wp\/v2\/tags?post=240"}],"curies":[{"name":"wp","href":"https:\/\/api.w.org\/{rel}","templated":true}]}}