{"id":96,"date":"2022-07-14T17:40:20","date_gmt":"2022-07-14T20:40:20","guid":{"rendered":"https:\/\/pos-graduacao.uepb.edu.br\/profei\/?p=96"},"modified":"2022-07-14T17:49:19","modified_gmt":"2022-07-14T20:49:19","slug":"divulgacao-da-analise-de-recurso-e-dos-candidatos-que-serao-convocados-para-entrevista","status":"publish","type":"post","link":"https:\/\/pos-graduacao.uepb.edu.br\/profei\/2022\/07\/14\/divulgacao-da-analise-de-recurso-e-dos-candidatos-que-serao-convocados-para-entrevista\/","title":{"rendered":"DIVULGA\u00c7\u00c3O DA AN\u00c1LISE DE RECURSO E DOS CANDIDATOS QUE SER\u00c3O CONVOCADOS PARA ENTREVISTA"},"content":{"rendered":"<p>Para conferir CLIQUE <strong><a href=\"https:\/\/pos-graduacao.uepb.edu.br\/profei\/files\/2022\/07\/DIVULGACAO-DA-ANALISE-DE-RECURSO-E-DOS-CANDIDATOS-QUE-SERAO-CONVOCADOS-PARA-ENTREVISTA.pdf\">AQUI<\/a><\/strong><\/p>\n","protected":false},"excerpt":{"rendered":"<p>Para conferir CLIQUE AQUI<\/p>\n","protected":false},"author":66,"featured_media":0,"comment_status":"open","ping_status":"open","sticky":false,"template":"","format":"standard","meta":{"footnotes":""},"categories":[3],"tags":[],"class_list":["post-96","post","type-post","status-publish","format-standard","hentry","category-noticias"],"_links":{"self":[{"href":"https:\/\/pos-graduacao.uepb.edu.br\/profei\/wp-json\/wp\/v2\/posts\/96","targetHints":{"allow":["GET"]}}],"collection":[{"href":"https:\/\/pos-graduacao.uepb.edu.br\/profei\/wp-json\/wp\/v2\/posts"}],"about":[{"href":"https:\/\/pos-graduacao.uepb.edu.br\/profei\/wp-json\/wp\/v2\/types\/post"}],"author":[{"embeddable":true,"href":"https:\/\/pos-graduacao.uepb.edu.br\/profei\/wp-json\/wp\/v2\/users\/66"}],"replies":[{"embeddable":true,"href":"https:\/\/pos-graduacao.uepb.edu.br\/profei\/wp-json\/wp\/v2\/comments?post=96"}],"version-history":[{"count":2,"href":"https:\/\/pos-graduacao.uepb.edu.br\/profei\/wp-json\/wp\/v2\/posts\/96\/revisions"}],"predecessor-version":[{"id":103,"href":"https:\/\/pos-graduacao.uepb.edu.br\/profei\/wp-json\/wp\/v2\/posts\/96\/revisions\/103"}],"wp:attachment":[{"href":"https:\/\/pos-graduacao.uepb.edu.br\/profei\/wp-json\/wp\/v2\/media?parent=96"}],"wp:term":[{"taxonomy":"category","embeddable":true,"href":"https:\/\/pos-graduacao.uepb.edu.br\/profei\/wp-json\/wp\/v2\/categories?post=96"},{"taxonomy":"post_tag","embeddable":true,"href":"https:\/\/pos-graduacao.uepb.edu.br\/profei\/wp-json\/wp\/v2\/tags?post=96"}],"curies":[{"name":"wp","href":"https:\/\/api.w.org\/{rel}","templated":true}]}}