{"id":933,"date":"2025-09-08T12:11:40","date_gmt":"2025-09-08T15:11:40","guid":{"rendered":"https:\/\/pos-graduacao.uepb.edu.br\/profei\/?p=933"},"modified":"2025-12-19T15:16:31","modified_gmt":"2025-12-19T18:16:31","slug":"processo-seletivo-2026","status":"publish","type":"post","link":"https:\/\/pos-graduacao.uepb.edu.br\/profei\/2025\/09\/08\/processo-seletivo-2026\/","title":{"rendered":"Processo seletivo 2026"},"content":{"rendered":"<p><img loading=\"lazy\" decoding=\"async\" class=\"size-medium wp-image-936 aligncenter img-responsive\" src=\"https:\/\/pos-graduacao.uepb.edu.br\/profei\/files\/2025\/09\/IMG-20250908-WA0003-300x300.jpg\" alt=\"Card edital do PROFEI\" width=\"300\" height=\"300\" srcset=\"https:\/\/pos-graduacao.uepb.edu.br\/profei\/files\/2025\/09\/IMG-20250908-WA0003-300x300.jpg 300w, https:\/\/pos-graduacao.uepb.edu.br\/profei\/files\/2025\/09\/IMG-20250908-WA0003-796x796.jpg 796w, https:\/\/pos-graduacao.uepb.edu.br\/profei\/files\/2025\/09\/IMG-20250908-WA0003.jpg 1080w\" sizes=\"auto, (max-width: 300px) 100vw, 300px\" \/><\/p>\n<p>&nbsp;<\/p>\n<p>A Coordena\u00e7\u00e3o do Mestrado Profissional em Educa\u00e7\u00e3o Inclusiva da Universidade Estadual da Para\u00edba, de acordo com a RESOLU\u00c7\u00c3O\/UEPB\/CONSEPE\/008\/2023 e com o regimento do Programa de Mestrado Profissional em Educa\u00e7\u00e3o Inclusiva em Rede Nacional (PROFEI) , torna p\u00fablico o edital do processo seletivo para forma\u00e7\u00e3o da turma 2026.<\/p>\n<p><a href=\"https:\/\/pos-graduacao.uepb.edu.br\/profei\/download\/edital-selecao-2026\/\">Edital de abertura das inscri\u00e7\u00f5es n\u00ba 08\/2025<\/a><\/p>\n<p>Vers\u00e3o em Libras: <a href=\"https:\/\/youtu.be\/rJaLzoe3Mzc\">AQUI<\/a><\/p>\n<p><a href=\"https:\/\/pos-graduacao.uepb.edu.br\/profei\/download\/incricoes-homologadas-selecao-2026\/\">Lista de inscri\u00e7\u00f5es homologadas\u00a0<\/a><\/p>\n<p><a href=\"https:\/\/pos-graduacao.uepb.edu.br\/profei\/download\/recursos-homologacoes-2026\/\">Resultado da an\u00e1lise de recurso <\/a>pelo indeferimento de inscri\u00e7\u00e3o<\/p>\n<p><a href=\"https:\/\/pos-graduacao.uepb.edu.br\/profei\/download\/pontuacao-preliminar-selecao-2026\/\">Resultado da pontua\u00e7\u00e3o curricular e classifica\u00e7\u00e3o pr\u00e9via para a an\u00e1lise dos projetos de pesquisa<\/a><\/p>\n<p><a href=\"https:\/\/pos-graduacao.uepb.edu.br\/profei\/download\/resultados-dos-recursos-da-pontuacao-curricular\/\">Resultado da an\u00e1lise de recurso da pontua\u00e7\u00e3o<\/a><\/p>\n<p><a href=\"https:\/\/pos-graduacao.uepb.edu.br\/profei\/download\/classificados_analise_projeto_2026\/\">Candidatos classificados para a etapa da an\u00e1lise de projeto<\/a><\/p>\n<p><a href=\"https:\/\/pos-graduacao.uepb.edu.br\/profei\/download\/notas-projetos-2026\/\">Resultado da avalia\u00e7\u00e3o dos projetos e classifica\u00e7\u00e3o pr\u00e9via para a etapa de entrevistas<\/a><\/p>\n<p><a href=\"https:\/\/pos-graduacao.uepb.edu.br\/profei\/download\/recursos-projetos-2026\/\">Resultado do recurso da an\u00e1lise do projeto de pesquisa e da classifica\u00e7\u00e3o final para a entrevista<\/a><\/p>\n<p><a href=\"https:\/\/pos-graduacao.uepb.edu.br\/profei\/download\/edital-de-convocacao-para-entrevista-2\/\">Edital de Convoca\u00e7\u00e3o para Entrevista<\/a><\/p>\n<p><a href=\"https:\/\/pos-graduacao.uepb.edu.br\/profei\/download\/convocacao-entrevistas-selecao-2026\/\">Comunicado aos Candidatos &#8211; Adiamento das Entrevistas<\/a><\/p>\n<p><a href=\"https:\/\/pos-graduacao.uepb.edu.br\/profei\/download\/resultado-da-banca-de-heteroidentificacao-2\/\">Resultado da banca de heteroidentifica\u00e7\u00e3o<\/a><\/p>\n<p><a href=\"https:\/\/pos-graduacao.uepb.edu.br\/profei\/download\/selecao-2026-notas-das-entrevistas\/\">Notas das entrevistas<\/a><\/p>\n<p><a href=\"https:\/\/pos-graduacao.uepb.edu.br\/profei\/download\/classificacao-previa-2026\/\">Classifica\u00e7\u00e3o final pr\u00e9via<\/a> (ampla concorr\u00eancia e cotas)<\/p>\n<p><a href=\"https:\/\/pos-graduacao.uepb.edu.br\/profei\/download\/resultado-recursos-das-entrevistas-2026\/\">Resultado da an\u00e1lise dos recursos da etapa de entrevistas<\/a><\/p>\n<p><a href=\"https:\/\/pos-graduacao.uepb.edu.br\/profei\/download\/classificacao-final-selecao-2026\/\">Resultado da classifica\u00e7\u00e3o final\u00a0<\/a><\/p>\n<p>&nbsp;<\/p>\n<p>Observa\u00e7\u00e3o: Os candidatos aprovados e classificados receber\u00e3o por e-mails a convoca\u00e7\u00e3o para as matr\u00edculas a partir de 21\/01\/2026.<\/p>\n","protected":false},"excerpt":{"rendered":"<p>&nbsp; A Coordena\u00e7\u00e3o do Mestrado Profissional em Educa\u00e7\u00e3o Inclusiva da Universidade Estadual da Para\u00edba, de acordo com a RESOLU\u00c7\u00c3O\/UEPB\/CONSEPE\/008\/2023 e com o regimento do Programa de Mestrado Profissional em Educa\u00e7\u00e3o Inclusiva em Rede Nacional (PROFEI) , torna p\u00fablico o edital do processo seletivo para forma\u00e7\u00e3o da turma 2026. Edital de abertura das inscri\u00e7\u00f5es n\u00ba 08\/2025 <a class=\"leiamais\" href=\"https:\/\/pos-graduacao.uepb.edu.br\/profei\/2025\/09\/08\/processo-seletivo-2026\/\">Leia Mais&#8230;<\/a><\/p>\n","protected":false},"author":80,"featured_media":0,"comment_status":"open","ping_status":"open","sticky":false,"template":"","format":"standard","meta":{"footnotes":""},"categories":[3],"tags":[],"class_list":["post-933","post","type-post","status-publish","format-standard","hentry","category-noticias"],"_links":{"self":[{"href":"https:\/\/pos-graduacao.uepb.edu.br\/profei\/wp-json\/wp\/v2\/posts\/933","targetHints":{"allow":["GET"]}}],"collection":[{"href":"https:\/\/pos-graduacao.uepb.edu.br\/profei\/wp-json\/wp\/v2\/posts"}],"about":[{"href":"https:\/\/pos-graduacao.uepb.edu.br\/profei\/wp-json\/wp\/v2\/types\/post"}],"author":[{"embeddable":true,"href":"https:\/\/pos-graduacao.uepb.edu.br\/profei\/wp-json\/wp\/v2\/users\/80"}],"replies":[{"embeddable":true,"href":"https:\/\/pos-graduacao.uepb.edu.br\/profei\/wp-json\/wp\/v2\/comments?post=933"}],"version-history":[{"count":19,"href":"https:\/\/pos-graduacao.uepb.edu.br\/profei\/wp-json\/wp\/v2\/posts\/933\/revisions"}],"predecessor-version":[{"id":1117,"href":"https:\/\/pos-graduacao.uepb.edu.br\/profei\/wp-json\/wp\/v2\/posts\/933\/revisions\/1117"}],"wp:attachment":[{"href":"https:\/\/pos-graduacao.uepb.edu.br\/profei\/wp-json\/wp\/v2\/media?parent=933"}],"wp:term":[{"taxonomy":"category","embeddable":true,"href":"https:\/\/pos-graduacao.uepb.edu.br\/profei\/wp-json\/wp\/v2\/categories?post=933"},{"taxonomy":"post_tag","embeddable":true,"href":"https:\/\/pos-graduacao.uepb.edu.br\/profei\/wp-json\/wp\/v2\/tags?post=933"}],"curies":[{"name":"wp","href":"https:\/\/api.w.org\/{rel}","templated":true}]}}