{"id":820,"date":"2025-06-26T18:48:10","date_gmt":"2025-06-26T21:48:10","guid":{"rendered":"https:\/\/pos-graduacao.uepb.edu.br\/profei\/?p=820"},"modified":"2025-07-12T09:41:54","modified_gmt":"2025-07-12T12:41:54","slug":"edital-de-selecao-interna-disciplina-praticas-internacionais-inclusivas","status":"publish","type":"post","link":"https:\/\/pos-graduacao.uepb.edu.br\/profei\/2025\/06\/26\/edital-de-selecao-interna-disciplina-praticas-internacionais-inclusivas\/","title":{"rendered":"Edital de sele\u00e7\u00e3o interna &#8211; Disciplina &#8220;Pr\u00e1ticas Internacionais Inclusivas&#8221;"},"content":{"rendered":"<p>A Coordena\u00e7\u00e3o Acad\u00eamica do Programa de P\u00f3s-Gradua\u00e7\u00e3o em Educa\u00e7\u00e3o Inclusiva (PROFEI), no uso de suas atribui\u00e7\u00e3o, torna p\u00fablico o edital de sele\u00e7\u00e3o interna para alunos da Turma 2025 que tenham interesse em cursar a disciplina &#8220;<b>Pr\u00e1ticas Internacionais Inclusivas e Realidades Escolares&#8221;.<\/b><\/p>\n<p><a href=\"https:\/\/pos-graduacao.uepb.edu.br\/profei\/download\/edital-de-internacionalizacao-do-profei-2025-2\/\">Link do edital <\/a><\/p>\n<p><a href=\"https:\/\/pos-graduacao.uepb.edu.br\/profei\/download\/disciplina-de-internacionalizacao-do-profei-resultado\/\">Resultado preliminar (por CPF)<\/a><\/p>\n<p><a href=\"https:\/\/pos-graduacao.uepb.edu.br\/profei\/download\/resultado-dos-recursos-disciplina-de-internacionalizacao\/\">Resultado dos recursos (por CPF)<\/a><\/p>\n<p>&nbsp;<\/p>\n","protected":false},"excerpt":{"rendered":"<p>A Coordena\u00e7\u00e3o Acad\u00eamica do Programa de P\u00f3s-Gradua\u00e7\u00e3o em Educa\u00e7\u00e3o Inclusiva (PROFEI), no uso de suas atribui\u00e7\u00e3o, torna p\u00fablico o edital de sele\u00e7\u00e3o interna para alunos da Turma 2025 que tenham interesse em cursar a disciplina &#8220;Pr\u00e1ticas Internacionais Inclusivas e Realidades Escolares&#8221;. Link do edital Resultado preliminar (por CPF) Resultado dos recursos (por CPF) &nbsp;<\/p>\n","protected":false},"author":80,"featured_media":0,"comment_status":"open","ping_status":"open","sticky":false,"template":"","format":"standard","meta":{"footnotes":""},"categories":[3],"tags":[],"class_list":["post-820","post","type-post","status-publish","format-standard","hentry","category-noticias"],"_links":{"self":[{"href":"https:\/\/pos-graduacao.uepb.edu.br\/profei\/wp-json\/wp\/v2\/posts\/820","targetHints":{"allow":["GET"]}}],"collection":[{"href":"https:\/\/pos-graduacao.uepb.edu.br\/profei\/wp-json\/wp\/v2\/posts"}],"about":[{"href":"https:\/\/pos-graduacao.uepb.edu.br\/profei\/wp-json\/wp\/v2\/types\/post"}],"author":[{"embeddable":true,"href":"https:\/\/pos-graduacao.uepb.edu.br\/profei\/wp-json\/wp\/v2\/users\/80"}],"replies":[{"embeddable":true,"href":"https:\/\/pos-graduacao.uepb.edu.br\/profei\/wp-json\/wp\/v2\/comments?post=820"}],"version-history":[{"count":6,"href":"https:\/\/pos-graduacao.uepb.edu.br\/profei\/wp-json\/wp\/v2\/posts\/820\/revisions"}],"predecessor-version":[{"id":828,"href":"https:\/\/pos-graduacao.uepb.edu.br\/profei\/wp-json\/wp\/v2\/posts\/820\/revisions\/828"}],"wp:attachment":[{"href":"https:\/\/pos-graduacao.uepb.edu.br\/profei\/wp-json\/wp\/v2\/media?parent=820"}],"wp:term":[{"taxonomy":"category","embeddable":true,"href":"https:\/\/pos-graduacao.uepb.edu.br\/profei\/wp-json\/wp\/v2\/categories?post=820"},{"taxonomy":"post_tag","embeddable":true,"href":"https:\/\/pos-graduacao.uepb.edu.br\/profei\/wp-json\/wp\/v2\/tags?post=820"}],"curies":[{"name":"wp","href":"https:\/\/api.w.org\/{rel}","templated":true}]}}