{"id":813,"date":"2025-06-09T19:40:43","date_gmt":"2025-06-09T22:40:43","guid":{"rendered":"https:\/\/pos-graduacao.uepb.edu.br\/profei\/?p=813"},"modified":"2025-07-09T11:36:57","modified_gmt":"2025-07-09T14:36:57","slug":"eleicoes-para-a-coordenacao-do-profei","status":"publish","type":"post","link":"https:\/\/pos-graduacao.uepb.edu.br\/profei\/2025\/06\/09\/eleicoes-para-a-coordenacao-do-profei\/","title":{"rendered":"Elei\u00e7\u00f5es para a Coordena\u00e7\u00e3o do PROFEI"},"content":{"rendered":"<p>A Comiss\u00e3o Eleitoral do PROFEI, no uso de suas atribui\u00e7\u00f5es, divulga o edital para as candidaturas aos cargos de coordenador(a) e coordenador(a) adjunto(a), referente ao bi\u00eanio 2025-2027.<\/p>\n<p><a href=\"https:\/\/pos-graduacao.uepb.edu.br\/profei\/download\/edital-eleicoes-profei-2025\/\">Edital da Comiss\u00e3o Eleitoral do PROFEI<\/a><\/p>\n<p><a href=\"https:\/\/pos-graduacao.uepb.edu.br\/profei\/download\/homologacao-das-chapas-eleicoes-2025\/\">Resultado das chapas inscritas e homologadas<\/a><\/p>\n<p><a href=\"https:\/\/pos-graduacao.uepb.edu.br\/profei\/download\/resultado-eleicoes-profei\/\">Resultado da apura\u00e7\u00e3o dos votos<\/a><\/p>\n","protected":false},"excerpt":{"rendered":"<p>A Comiss\u00e3o Eleitoral do PROFEI, no uso de suas atribui\u00e7\u00f5es, divulga o edital para as candidaturas aos cargos de coordenador(a) e coordenador(a) adjunto(a), referente ao bi\u00eanio 2025-2027. Edital da Comiss\u00e3o Eleitoral do PROFEI Resultado das chapas inscritas e homologadas Resultado da apura\u00e7\u00e3o dos votos<\/p>\n","protected":false},"author":80,"featured_media":0,"comment_status":"open","ping_status":"open","sticky":false,"template":"","format":"standard","meta":{"footnotes":""},"categories":[3],"tags":[],"class_list":["post-813","post","type-post","status-publish","format-standard","hentry","category-noticias"],"_links":{"self":[{"href":"https:\/\/pos-graduacao.uepb.edu.br\/profei\/wp-json\/wp\/v2\/posts\/813","targetHints":{"allow":["GET"]}}],"collection":[{"href":"https:\/\/pos-graduacao.uepb.edu.br\/profei\/wp-json\/wp\/v2\/posts"}],"about":[{"href":"https:\/\/pos-graduacao.uepb.edu.br\/profei\/wp-json\/wp\/v2\/types\/post"}],"author":[{"embeddable":true,"href":"https:\/\/pos-graduacao.uepb.edu.br\/profei\/wp-json\/wp\/v2\/users\/80"}],"replies":[{"embeddable":true,"href":"https:\/\/pos-graduacao.uepb.edu.br\/profei\/wp-json\/wp\/v2\/comments?post=813"}],"version-history":[{"count":5,"href":"https:\/\/pos-graduacao.uepb.edu.br\/profei\/wp-json\/wp\/v2\/posts\/813\/revisions"}],"predecessor-version":[{"id":832,"href":"https:\/\/pos-graduacao.uepb.edu.br\/profei\/wp-json\/wp\/v2\/posts\/813\/revisions\/832"}],"wp:attachment":[{"href":"https:\/\/pos-graduacao.uepb.edu.br\/profei\/wp-json\/wp\/v2\/media?parent=813"}],"wp:term":[{"taxonomy":"category","embeddable":true,"href":"https:\/\/pos-graduacao.uepb.edu.br\/profei\/wp-json\/wp\/v2\/categories?post=813"},{"taxonomy":"post_tag","embeddable":true,"href":"https:\/\/pos-graduacao.uepb.edu.br\/profei\/wp-json\/wp\/v2\/tags?post=813"}],"curies":[{"name":"wp","href":"https:\/\/api.w.org\/{rel}","templated":true}]}}