{"id":795,"date":"2025-05-26T13:17:55","date_gmt":"2025-05-26T16:17:55","guid":{"rendered":"https:\/\/pos-graduacao.uepb.edu.br\/profei\/?p=795"},"modified":"2025-06-04T11:37:09","modified_gmt":"2025-06-04T14:37:09","slug":"edital-no-02-2025-credenciamento-de-docentes-ao-profei","status":"publish","type":"post","link":"https:\/\/pos-graduacao.uepb.edu.br\/profei\/2025\/05\/26\/edital-no-02-2025-credenciamento-de-docentes-ao-profei\/","title":{"rendered":"Edital n\u00ba 02\/2025 \u2013 Credenciamento de Docentes ao PROFEI"},"content":{"rendered":"<p>A Coordena\u00e7\u00e3o Acad\u00eamica do Programa de P\u00f3s-Gradua\u00e7\u00e3o em Educa\u00e7\u00e3o Inclusiva (PROFEI), no \u00e2mbito da UEPB, torna p\u00fablico o Edital de Credenciamento de Docente para o quadri\u00eanio 2025-2028.<\/p>\n<p><a href=\"https:\/\/pos-graduacao.uepb.edu.br\/profei\/download\/edital-de-credenciamento-02-2025\/\">Edital de credenciamento n\u00ba 02\/2025<\/a><\/p>\n<p><a href=\"https:\/\/pos-graduacao.uepb.edu.br\/profei\/download\/credenciamento-docente-2025-2-resultado\/\">Resultado preliminar<\/a><\/p>\n<p><a href=\"https:\/\/pos-graduacao.uepb.edu.br\/profei\/download\/credenciamento-docente-2025-2-resultado-final\/\">Resultado final<\/a><\/p>\n","protected":false},"excerpt":{"rendered":"<p>A Coordena\u00e7\u00e3o Acad\u00eamica do Programa de P\u00f3s-Gradua\u00e7\u00e3o em Educa\u00e7\u00e3o Inclusiva (PROFEI), no \u00e2mbito da UEPB, torna p\u00fablico o Edital de Credenciamento de Docente para o quadri\u00eanio 2025-2028. Edital de credenciamento n\u00ba 02\/2025 Resultado preliminar Resultado final<\/p>\n","protected":false},"author":80,"featured_media":0,"comment_status":"open","ping_status":"open","sticky":false,"template":"","format":"standard","meta":{"footnotes":""},"categories":[3],"tags":[],"class_list":["post-795","post","type-post","status-publish","format-standard","hentry","category-noticias"],"_links":{"self":[{"href":"https:\/\/pos-graduacao.uepb.edu.br\/profei\/wp-json\/wp\/v2\/posts\/795","targetHints":{"allow":["GET"]}}],"collection":[{"href":"https:\/\/pos-graduacao.uepb.edu.br\/profei\/wp-json\/wp\/v2\/posts"}],"about":[{"href":"https:\/\/pos-graduacao.uepb.edu.br\/profei\/wp-json\/wp\/v2\/types\/post"}],"author":[{"embeddable":true,"href":"https:\/\/pos-graduacao.uepb.edu.br\/profei\/wp-json\/wp\/v2\/users\/80"}],"replies":[{"embeddable":true,"href":"https:\/\/pos-graduacao.uepb.edu.br\/profei\/wp-json\/wp\/v2\/comments?post=795"}],"version-history":[{"count":5,"href":"https:\/\/pos-graduacao.uepb.edu.br\/profei\/wp-json\/wp\/v2\/posts\/795\/revisions"}],"predecessor-version":[{"id":812,"href":"https:\/\/pos-graduacao.uepb.edu.br\/profei\/wp-json\/wp\/v2\/posts\/795\/revisions\/812"}],"wp:attachment":[{"href":"https:\/\/pos-graduacao.uepb.edu.br\/profei\/wp-json\/wp\/v2\/media?parent=795"}],"wp:term":[{"taxonomy":"category","embeddable":true,"href":"https:\/\/pos-graduacao.uepb.edu.br\/profei\/wp-json\/wp\/v2\/categories?post=795"},{"taxonomy":"post_tag","embeddable":true,"href":"https:\/\/pos-graduacao.uepb.edu.br\/profei\/wp-json\/wp\/v2\/tags?post=795"}],"curies":[{"name":"wp","href":"https:\/\/api.w.org\/{rel}","templated":true}]}}