{"id":760,"date":"2025-04-22T14:35:56","date_gmt":"2025-04-22T17:35:56","guid":{"rendered":"https:\/\/pos-graduacao.uepb.edu.br\/profei\/?p=760"},"modified":"2025-05-02T12:38:09","modified_gmt":"2025-05-02T15:38:09","slug":"edital-de-bolsas-capes-2025","status":"publish","type":"post","link":"https:\/\/pos-graduacao.uepb.edu.br\/profei\/2025\/04\/22\/edital-de-bolsas-capes-2025\/","title":{"rendered":"Edital de Bolsas CAPES 2025"},"content":{"rendered":"<p>A Coordena\u00e7\u00e3o do Programa de P\u00f3s-Gradua\u00e7\u00e3o em Educa\u00e7\u00e3o Inclusiva (PROFEI), no \u00e2mbito da UEPB, torna p\u00fablico o Edital para concess\u00e3o de bolsas CAPES.<\/p>\n<div class='w3eden'><!-- WPDM Link Template: Default Template -->\n\n<div class=\"link-template-default card mb-2\">\n    <div class=\"card-body\">\n        <div class=\"media\">\n            <div class=\"mr-3 img-48\"><img decoding=\"async\" class=\"wpdm_icon\" alt=\"\u00edcone\" src=\"https:\/\/pos-graduacao.uepb.edu.br\/profei\/wp-content\/plugins\/download-manager\/assets\/file-type-icons\/pdf.svg\" \/><\/div>\n            <div class=\"media-body\">\n                <h3 class=\"package-title\"><a href='https:\/\/pos-graduacao.uepb.edu.br\/profei\/download\/edital-bolsas-2025\/'>Edital bolsas 2025<\/a><\/h3>\n                <div class=\"text-muted text-small\"><i class=\"fas fa-copy\"><\/i> 1  arquivo(s) <i class=\"fas fa-hdd ml-3\"><\/i> 204.76 KB<\/div>\n            <\/div>\n            <div class=\"ml-3\">\n                <a class='wpdm-download-link download-on-click btn btn-primary ' rel='nofollow' href='#' data-downloadurl=\"https:\/\/pos-graduacao.uepb.edu.br\/profei\/download\/edital-bolsas-2025\/?wpdmdl=761&refresh=69efa428690bb1777312808\">Download<\/a>\n            <\/div>\n        <\/div>\n    <\/div>\n<\/div>\n\n<\/div>\n<div class='w3eden'><!-- WPDM Link Template: Default Template -->\n\n<div class=\"link-template-default card mb-2\">\n    <div class=\"card-body\">\n        <div class=\"media\">\n            <div class=\"mr-3 img-48\"><img decoding=\"async\" class=\"wpdm_icon\" alt=\"\u00edcone\" src=\"https:\/\/pos-graduacao.uepb.edu.br\/profei\/wp-content\/plugins\/download-manager\/assets\/file-type-icons\/pdf.svg\" \/><\/div>\n            <div class=\"media-body\">\n                <h3 class=\"package-title\"><a href='https:\/\/pos-graduacao.uepb.edu.br\/profei\/download\/bolsistas-2025-resultado\/'>Bolsistas 2025 - resultado<\/a><\/h3>\n                <div class=\"text-muted text-small\"><i class=\"fas fa-copy\"><\/i> 1  arquivo(s) <i class=\"fas fa-hdd ml-3\"><\/i> 150.91 KB<\/div>\n            <\/div>\n            <div class=\"ml-3\">\n                <a class='wpdm-download-link download-on-click btn btn-primary ' rel='nofollow' href='#' data-downloadurl=\"https:\/\/pos-graduacao.uepb.edu.br\/profei\/download\/bolsistas-2025-resultado\/?wpdmdl=766&refresh=69efa4286c0d41777312808\">Download<\/a>\n            <\/div>\n        <\/div>\n    <\/div>\n<\/div>\n\n<\/div>\n<p>&nbsp;<\/p>\n","protected":false},"excerpt":{"rendered":"<p>A Coordena\u00e7\u00e3o do Programa de P\u00f3s-Gradua\u00e7\u00e3o em Educa\u00e7\u00e3o Inclusiva (PROFEI), no \u00e2mbito da UEPB, torna p\u00fablico o Edital para concess\u00e3o de bolsas CAPES. &nbsp;<\/p>\n","protected":false},"author":80,"featured_media":0,"comment_status":"open","ping_status":"open","sticky":false,"template":"","format":"standard","meta":{"footnotes":""},"categories":[3],"tags":[],"class_list":["post-760","post","type-post","status-publish","format-standard","hentry","category-noticias"],"_links":{"self":[{"href":"https:\/\/pos-graduacao.uepb.edu.br\/profei\/wp-json\/wp\/v2\/posts\/760","targetHints":{"allow":["GET"]}}],"collection":[{"href":"https:\/\/pos-graduacao.uepb.edu.br\/profei\/wp-json\/wp\/v2\/posts"}],"about":[{"href":"https:\/\/pos-graduacao.uepb.edu.br\/profei\/wp-json\/wp\/v2\/types\/post"}],"author":[{"embeddable":true,"href":"https:\/\/pos-graduacao.uepb.edu.br\/profei\/wp-json\/wp\/v2\/users\/80"}],"replies":[{"embeddable":true,"href":"https:\/\/pos-graduacao.uepb.edu.br\/profei\/wp-json\/wp\/v2\/comments?post=760"}],"version-history":[{"count":5,"href":"https:\/\/pos-graduacao.uepb.edu.br\/profei\/wp-json\/wp\/v2\/posts\/760\/revisions"}],"predecessor-version":[{"id":768,"href":"https:\/\/pos-graduacao.uepb.edu.br\/profei\/wp-json\/wp\/v2\/posts\/760\/revisions\/768"}],"wp:attachment":[{"href":"https:\/\/pos-graduacao.uepb.edu.br\/profei\/wp-json\/wp\/v2\/media?parent=760"}],"wp:term":[{"taxonomy":"category","embeddable":true,"href":"https:\/\/pos-graduacao.uepb.edu.br\/profei\/wp-json\/wp\/v2\/categories?post=760"},{"taxonomy":"post_tag","embeddable":true,"href":"https:\/\/pos-graduacao.uepb.edu.br\/profei\/wp-json\/wp\/v2\/tags?post=760"}],"curies":[{"name":"wp","href":"https:\/\/api.w.org\/{rel}","templated":true}]}}