{"id":728,"date":"2025-01-31T12:46:32","date_gmt":"2025-01-31T15:46:32","guid":{"rendered":"https:\/\/pos-graduacao.uepb.edu.br\/profei\/?p=728"},"modified":"2025-03-10T16:59:10","modified_gmt":"2025-03-10T19:59:10","slug":"edital-no-01-2025-credenciamento-de-docentes-do-profei","status":"publish","type":"post","link":"https:\/\/pos-graduacao.uepb.edu.br\/profei\/2025\/01\/31\/edital-no-01-2025-credenciamento-de-docentes-do-profei\/","title":{"rendered":"Edital N\u00ba 01\/2025 \u2013 Credenciamento de Docentes do PROFEI"},"content":{"rendered":"<p>A Coordena\u00e7\u00e3o Acad\u00eamica do Programa de P\u00f3s-Gradua\u00e7\u00e3o em Educa\u00e7\u00e3o Inclusiva (PROFEI), no \u00e2mbito da UEPB, torna p\u00fablico o Edital de Credenciamento de Docente para o quadri\u00eanio 2025-2028.<\/p>\n<p>&nbsp;<\/p>\n<p><a href=\"https:\/\/pos-graduacao.uepb.edu.br\/profei\/download\/credenciamento-2025\/\">Edital de credenciamento<\/a><\/p>\n<p><a href=\"https:\/\/pos-graduacao.uepb.edu.br\/profei\/download\/credenciamento-docente-2025\/\">Resultado<\/a><\/p>\n","protected":false},"excerpt":{"rendered":"<p>A Coordena\u00e7\u00e3o Acad\u00eamica do Programa de P\u00f3s-Gradua\u00e7\u00e3o em Educa\u00e7\u00e3o Inclusiva (PROFEI), no \u00e2mbito da UEPB, torna p\u00fablico o Edital de Credenciamento de Docente para o quadri\u00eanio 2025-2028. &nbsp; Edital de credenciamento Resultado<\/p>\n","protected":false},"author":80,"featured_media":0,"comment_status":"open","ping_status":"open","sticky":false,"template":"","format":"standard","meta":{"footnotes":""},"categories":[3],"tags":[],"class_list":["post-728","post","type-post","status-publish","format-standard","hentry","category-noticias"],"_links":{"self":[{"href":"https:\/\/pos-graduacao.uepb.edu.br\/profei\/wp-json\/wp\/v2\/posts\/728","targetHints":{"allow":["GET"]}}],"collection":[{"href":"https:\/\/pos-graduacao.uepb.edu.br\/profei\/wp-json\/wp\/v2\/posts"}],"about":[{"href":"https:\/\/pos-graduacao.uepb.edu.br\/profei\/wp-json\/wp\/v2\/types\/post"}],"author":[{"embeddable":true,"href":"https:\/\/pos-graduacao.uepb.edu.br\/profei\/wp-json\/wp\/v2\/users\/80"}],"replies":[{"embeddable":true,"href":"https:\/\/pos-graduacao.uepb.edu.br\/profei\/wp-json\/wp\/v2\/comments?post=728"}],"version-history":[{"count":5,"href":"https:\/\/pos-graduacao.uepb.edu.br\/profei\/wp-json\/wp\/v2\/posts\/728\/revisions"}],"predecessor-version":[{"id":755,"href":"https:\/\/pos-graduacao.uepb.edu.br\/profei\/wp-json\/wp\/v2\/posts\/728\/revisions\/755"}],"wp:attachment":[{"href":"https:\/\/pos-graduacao.uepb.edu.br\/profei\/wp-json\/wp\/v2\/media?parent=728"}],"wp:term":[{"taxonomy":"category","embeddable":true,"href":"https:\/\/pos-graduacao.uepb.edu.br\/profei\/wp-json\/wp\/v2\/categories?post=728"},{"taxonomy":"post_tag","embeddable":true,"href":"https:\/\/pos-graduacao.uepb.edu.br\/profei\/wp-json\/wp\/v2\/tags?post=728"}],"curies":[{"name":"wp","href":"https:\/\/api.w.org\/{rel}","templated":true}]}}