{"id":688,"date":"2024-10-18T09:38:44","date_gmt":"2024-10-18T12:38:44","guid":{"rendered":"https:\/\/pos-graduacao.uepb.edu.br\/profei\/?p=688"},"modified":"2025-03-27T18:12:24","modified_gmt":"2025-03-27T21:12:24","slug":"processo-seletivo-2025","status":"publish","type":"post","link":"https:\/\/pos-graduacao.uepb.edu.br\/profei\/2024\/10\/18\/processo-seletivo-2025\/","title":{"rendered":"Processo seletivo 2025"},"content":{"rendered":"<p>A Coordena\u00e7\u00e3o do Mestrado Profissional em Educa\u00e7\u00e3o Inclusiva da Universidade Estadual da Para\u00edba, de acordo com a RESOLU\u00c7\u00c3O\/UEPB\/CONSEPE\/008\/2023 e com o regimento do Programa de Mestrado Profissional em Educa\u00e7\u00e3o Inclusiva em Rede Nacional (PROFEI) , torna p\u00fablico o edital do processo seletivo para forma\u00e7\u00e3o da turma 2025.<\/p>\n<p><a href=\"https:\/\/pos-graduacao.uepb.edu.br\/profei\/download\/edital-profei-2025\/\"><strong>Edital de abertura das inscri\u00e7\u00f5es n\u00ba 02\/2024<\/strong><\/a><\/p>\n<p>Retifica\u00e7\u00e3o ao edital n\u00ba 02\/2024: dispon\u00edvel <a href=\"https:\/\/pos-graduacao.uepb.edu.br\/profei\/download\/retificacao-ao-edital-de-selecao-de-2025\/\">AQUI <\/a><\/p>\n<p>Vers\u00e3o em Libras: <a href=\"https:\/\/youtu.be\/J0acZyyKrzs?feature=shared\">AQUI<\/a><\/p>\n<p><a href=\"https:\/\/pos-graduacao.uepb.edu.br\/profei\/download\/inscricoes-homologadas\/\">Lista de inscri\u00e7\u00f5es homologadas<\/a><\/p>\n<p><a href=\"https:\/\/pos-graduacao.uepb.edu.br\/profei\/download\/recursos-das-inscricoes-homologadas\/\">Lista com o resultado da an\u00e1lise de recurso<\/a> pelo indeferimento de inscri\u00e7\u00e3o<\/p>\n<p><a href=\"https:\/\/pos-graduacao.uepb.edu.br\/profei\/download\/resultado-da-analise-curricular\/\">Resultado da pontua\u00e7\u00e3o curricular e classifica\u00e7\u00e3o pr\u00e9via\u00a0para a an\u00e1lise das propostas de pesquisa<\/a><\/p>\n<p><a href=\"https:\/\/pos-graduacao.uepb.edu.br\/profei\/download\/resultado-dos-recursos-pontuacao-curricular\/\">Resultado dos recursos da pontua\u00e7\u00e3o curricular e aprovados para a an\u00e1lise da proposta de pesquisa<\/a><\/p>\n<p><a href=\"https:\/\/pos-graduacao.uepb.edu.br\/profei\/download\/notas-dos-projetos-v2\/\">Resultado da <\/a><span id=\"page68R_mcid38\" class=\"markedContent\"><span dir=\"ltr\"><a href=\"https:\/\/pos-graduacao.uepb.edu.br\/profei\/download\/notas-dos-projetos-v2\/\">an\u00e1lise da proposta de pesquisa e da classifica\u00e7\u00e3o pr\u00e9via para a entrevista <\/a>(vers\u00e3o atualizada)<\/span><\/span><\/p>\n<p><a href=\"https:\/\/pos-graduacao.uepb.edu.br\/profei\/download\/resultado-dos-recursos-notas-do-projetos\/\">Resultado da\u00a0<span id=\"page68R_mcid38\" class=\"markedContent\"><span dir=\"ltr\">an\u00e1lise do recurso da proposta de pesquisa e os aprovados para a entrevista<\/span><\/span><\/a><\/p>\n<p><a href=\"https:\/\/pos-graduacao.uepb.edu.br\/profei\/download\/edital-de-convocacao-para-a-entrevista-2\/\">Edital de convoca\u00e7\u00e3o para a entrevista<\/a><\/p>\n<p><a href=\"https:\/\/pos-graduacao.uepb.edu.br\/profei\/download\/banca-de-heteroidentificacao-profei-2025\/\">Resultado da banca de heteroidentifica\u00e7\u00e3o<\/a><\/p>\n<p>Edital com as <a href=\"https:\/\/pos-graduacao.uepb.edu.br\/profei\/download\/notas-da-etapa-de-entrevistas-selecao-2025\/\"><strong>notas da entrevista<\/strong>\u00a0<\/a><\/p>\n<p>Edital com a <a href=\"https:\/\/pos-graduacao.uepb.edu.br\/profei\/download\/classificacao-previa-selecao-2025\/\"><strong>c<\/strong><strong>lassifica\u00e7\u00e3o pr\u00e9via<\/strong><\/a><\/p>\n<p>Resultado da an\u00e1lise dos <a href=\"https:\/\/pos-graduacao.uepb.edu.br\/profei\/download\/classificacao-definitiva-processo-seletivo-2025\/\">recursos da entrevista e a classifica\u00e7\u00e3o final da sele\u00e7\u00e3o<\/a><\/p>\n<p><a href=\"https:\/\/pos-graduacao.uepb.edu.br\/profei\/download\/convocacao-de-candidatos-lista-de-espera\/\">Edital de convoca\u00e7\u00e3o &#8211; Candidatos da lista de espera<\/a><\/p>\n","protected":false},"excerpt":{"rendered":"<p>A Coordena\u00e7\u00e3o do Mestrado Profissional em Educa\u00e7\u00e3o Inclusiva da Universidade Estadual da Para\u00edba, de acordo com a RESOLU\u00c7\u00c3O\/UEPB\/CONSEPE\/008\/2023 e com o regimento do Programa de Mestrado Profissional em Educa\u00e7\u00e3o Inclusiva em Rede Nacional (PROFEI) , torna p\u00fablico o edital do processo seletivo para forma\u00e7\u00e3o da turma 2025. Edital de abertura das inscri\u00e7\u00f5es n\u00ba 02\/2024 Retifica\u00e7\u00e3o <a class=\"leiamais\" href=\"https:\/\/pos-graduacao.uepb.edu.br\/profei\/2024\/10\/18\/processo-seletivo-2025\/\">Leia Mais&#8230;<\/a><\/p>\n","protected":false},"author":80,"featured_media":0,"comment_status":"open","ping_status":"open","sticky":false,"template":"","format":"standard","meta":{"footnotes":""},"categories":[3],"tags":[],"class_list":["post-688","post","type-post","status-publish","format-standard","hentry","category-noticias"],"_links":{"self":[{"href":"https:\/\/pos-graduacao.uepb.edu.br\/profei\/wp-json\/wp\/v2\/posts\/688","targetHints":{"allow":["GET"]}}],"collection":[{"href":"https:\/\/pos-graduacao.uepb.edu.br\/profei\/wp-json\/wp\/v2\/posts"}],"about":[{"href":"https:\/\/pos-graduacao.uepb.edu.br\/profei\/wp-json\/wp\/v2\/types\/post"}],"author":[{"embeddable":true,"href":"https:\/\/pos-graduacao.uepb.edu.br\/profei\/wp-json\/wp\/v2\/users\/80"}],"replies":[{"embeddable":true,"href":"https:\/\/pos-graduacao.uepb.edu.br\/profei\/wp-json\/wp\/v2\/comments?post=688"}],"version-history":[{"count":24,"href":"https:\/\/pos-graduacao.uepb.edu.br\/profei\/wp-json\/wp\/v2\/posts\/688\/revisions"}],"predecessor-version":[{"id":759,"href":"https:\/\/pos-graduacao.uepb.edu.br\/profei\/wp-json\/wp\/v2\/posts\/688\/revisions\/759"}],"wp:attachment":[{"href":"https:\/\/pos-graduacao.uepb.edu.br\/profei\/wp-json\/wp\/v2\/media?parent=688"}],"wp:term":[{"taxonomy":"category","embeddable":true,"href":"https:\/\/pos-graduacao.uepb.edu.br\/profei\/wp-json\/wp\/v2\/categories?post=688"},{"taxonomy":"post_tag","embeddable":true,"href":"https:\/\/pos-graduacao.uepb.edu.br\/profei\/wp-json\/wp\/v2\/tags?post=688"}],"curies":[{"name":"wp","href":"https:\/\/api.w.org\/{rel}","templated":true}]}}