{"id":652,"date":"2024-02-27T14:27:14","date_gmt":"2024-02-27T17:27:14","guid":{"rendered":"https:\/\/pos-graduacao.uepb.edu.br\/profei\/?p=652"},"modified":"2024-02-27T14:32:43","modified_gmt":"2024-02-27T17:32:43","slug":"juntos-pela-inclusao-raul-de-paiva-e-anna-paula-feminella-no-palco-do-v-cintedi","status":"publish","type":"post","link":"https:\/\/pos-graduacao.uepb.edu.br\/profei\/2024\/02\/27\/juntos-pela-inclusao-raul-de-paiva-e-anna-paula-feminella-no-palco-do-v-cintedi\/","title":{"rendered":"Juntos pela Inclus\u00e3o: Raul de Paiva e Anna Paula Feminella no Palco do V CINTEDI"},"content":{"rendered":"<p><img loading=\"lazy\" decoding=\"async\" class=\"aligncenter size-full wp-image-608 img-responsive\" src=\"https:\/\/pos-graduacao.uepb.edu.br\/profei\/files\/2023\/11\/V-CINDETI.png\" alt=\"\" width=\"2155\" height=\"463\" srcset=\"https:\/\/pos-graduacao.uepb.edu.br\/profei\/files\/2023\/11\/V-CINDETI.png 2155w, https:\/\/pos-graduacao.uepb.edu.br\/profei\/files\/2023\/11\/V-CINDETI-300x64.png 300w, https:\/\/pos-graduacao.uepb.edu.br\/profei\/files\/2023\/11\/V-CINDETI-1536x330.png 1536w, https:\/\/pos-graduacao.uepb.edu.br\/profei\/files\/2023\/11\/V-CINDETI-2048x440.png 2048w, https:\/\/pos-graduacao.uepb.edu.br\/profei\/files\/2023\/11\/V-CINDETI-1120x241.png 1120w\" sizes=\"auto, (max-width: 2155px) 100vw, 2155px\" \/><\/p>\n<p>&nbsp;<\/p>\n<p>Com grande satisfa\u00e7\u00e3o, anunciamos a participa\u00e7\u00e3o de Raul de Paiva, como palestrante no V Congresso Internacional de Educa\u00e7\u00e3o Inclusiva. Raul \u00e9 um l\u00edder reconhecido no campo da inclus\u00e3o e diversidade, atualmente ocupando o cargo de Coordenador Geral de Diversidade e Interseccionalidade no Minist\u00e9rio dos Direitos da Pessoa com Defici\u00eancia da Secretaria Nacional dos Direitos da PCD.<\/p>\n<p>Com uma vasta experi\u00eancia e conhecimento, Raul tem desempenhado um papel fundamental na articula\u00e7\u00e3o de levantamentos, aprimoramentos e implementa\u00e7\u00e3o de pol\u00edticas sociais interccionais. Seu compromisso em reconhecer e promover as lutas antirracistas e anticapacitistas tem sido exemplar, refletindo-se em suas contribui\u00e7\u00f5es significativas para a sociedade.<\/p>\n<p>Al\u00e9m de seu trabalho no Minist\u00e9rio, Raul Paiva \u00e9 doutorando em enfermagem e faz parte do Grupo de Trabalho em Defici\u00eancia e Acessibilidade da Associa\u00e7\u00e3o Brasileira de Sa\u00fade Coletiva (Abrasco). Sua dedica\u00e7\u00e3o e compet\u00eancia tamb\u00e9m se estendem ao seu papel como um dos membros fundadores do movimento Coletivo Vidas Negras com Defici\u00eancia Importam, uma iniciativa crucial na defesa dos direitos das pessoas pretas com defici\u00eancia.<\/p>\n<p>Com grande entusiasmo, temos o prazer de anunciar n\u00e3o apenas a participa\u00e7\u00e3o de Raul Paiva, mas tamb\u00e9m a presen\u00e7a ilustre de Anna Paula Feminella no V Congresso Internacional de Educa\u00e7\u00e3o Inclusiva. Anna Paula Feminella \u00e9 uma pessoa incans\u00e1vel na luta pelos direitos das pessoas com defici\u00eancia, pelos direitos humanos e pelo feminismo.<\/p>\n<p>Desde 2021 \u00e9 coordenadora de pesquisa nacional da Funda\u00e7\u00e3o Oswaldo Cruz e foi uma das coordenadoras da Frente Nacional de Mulheres com Defici\u00eancia. Representou o Brasil na ONU em Nova Iorque. Feminella tamb\u00e9m est\u00e1 \u00e0 frente da Secretaria Nacional dos Direitos da Pessoa com Defici\u00eancia integrada ao Minist\u00e9rio dos Direitos Humanos e da Cidadania, ao lado do Ministro S\u00edlvio Almeida. \u00c9 especialista em Gest\u00e3o P\u00fablica e Educa\u00e7\u00e3o F\u00edsica escolar, al\u00e9m de j\u00e1 ter atuado na coordena\u00e7\u00e3o do Programa de Inclus\u00e3o de pessoas com defici\u00eancia da Escola Nacional de Administra\u00e7\u00e3o P\u00fablica \u2013 Enap.<\/p>\n<p>A participa\u00e7\u00e3o de Raul de Paiva e Anna Paula Feminella no V Congresso Internacional de Educa\u00e7\u00e3o Inclusiva promete ser um marco significativo no evento. Ambos s\u00e3o refer\u00eancias de destaque em suas \u00e1reas, trazendo consigo uma riqueza de experi\u00eancia, conhecimento e comprometimento. O V Cintedi acontecer\u00e1 de 12 a 14 de junho de 2024, no Centro de Conven\u00e7\u00f5es Raymundo Asfora, localizado no Garden Hotel. Durante os tr\u00eas dias de evento, ser\u00e3o realizadas palestras, mesas-redondas, apresenta\u00e7\u00f5es de trabalhos, lan\u00e7amento de livros, oficinas e minicursos.<\/p>\n<p>Para mais informa\u00e7\u00f5es, acesse o site <a href=\"http:\/\/www.cintedi.com.br\"><span style=\"color: #000080\"><strong>www.cintedi.com.br<\/strong><\/span><\/a> ou enviei e-mail para o <a href=\"mailto:cintedi@portalrealize.com.br\">cintedi@portalrealize.com.br<\/a> e fique por dentro de todas as novidades.<\/p>\n<p>Ascom Realize Eventos Cient\u00edficos e Editora<\/p>\n","protected":false},"excerpt":{"rendered":"<p>&nbsp; Com grande satisfa\u00e7\u00e3o, anunciamos a participa\u00e7\u00e3o de Raul de Paiva, como palestrante no V Congresso Internacional de Educa\u00e7\u00e3o Inclusiva. Raul \u00e9 um l\u00edder reconhecido no campo da inclus\u00e3o e diversidade, atualmente ocupando o cargo de Coordenador Geral de Diversidade e Interseccionalidade no Minist\u00e9rio dos Direitos da Pessoa com Defici\u00eancia da Secretaria Nacional dos Direitos <a class=\"leiamais\" href=\"https:\/\/pos-graduacao.uepb.edu.br\/profei\/2024\/02\/27\/juntos-pela-inclusao-raul-de-paiva-e-anna-paula-feminella-no-palco-do-v-cintedi\/\">Leia Mais&#8230;<\/a><\/p>\n","protected":false},"author":68,"featured_media":0,"comment_status":"open","ping_status":"open","sticky":false,"template":"","format":"standard","meta":{"footnotes":""},"categories":[3],"tags":[],"class_list":["post-652","post","type-post","status-publish","format-standard","hentry","category-noticias"],"_links":{"self":[{"href":"https:\/\/pos-graduacao.uepb.edu.br\/profei\/wp-json\/wp\/v2\/posts\/652","targetHints":{"allow":["GET"]}}],"collection":[{"href":"https:\/\/pos-graduacao.uepb.edu.br\/profei\/wp-json\/wp\/v2\/posts"}],"about":[{"href":"https:\/\/pos-graduacao.uepb.edu.br\/profei\/wp-json\/wp\/v2\/types\/post"}],"author":[{"embeddable":true,"href":"https:\/\/pos-graduacao.uepb.edu.br\/profei\/wp-json\/wp\/v2\/users\/68"}],"replies":[{"embeddable":true,"href":"https:\/\/pos-graduacao.uepb.edu.br\/profei\/wp-json\/wp\/v2\/comments?post=652"}],"version-history":[{"count":2,"href":"https:\/\/pos-graduacao.uepb.edu.br\/profei\/wp-json\/wp\/v2\/posts\/652\/revisions"}],"predecessor-version":[{"id":657,"href":"https:\/\/pos-graduacao.uepb.edu.br\/profei\/wp-json\/wp\/v2\/posts\/652\/revisions\/657"}],"wp:attachment":[{"href":"https:\/\/pos-graduacao.uepb.edu.br\/profei\/wp-json\/wp\/v2\/media?parent=652"}],"wp:term":[{"taxonomy":"category","embeddable":true,"href":"https:\/\/pos-graduacao.uepb.edu.br\/profei\/wp-json\/wp\/v2\/categories?post=652"},{"taxonomy":"post_tag","embeddable":true,"href":"https:\/\/pos-graduacao.uepb.edu.br\/profei\/wp-json\/wp\/v2\/tags?post=652"}],"curies":[{"name":"wp","href":"https:\/\/api.w.org\/{rel}","templated":true}]}}