{"id":648,"date":"2024-02-27T14:22:21","date_gmt":"2024-02-27T17:22:21","guid":{"rendered":"https:\/\/pos-graduacao.uepb.edu.br\/profei\/?p=648"},"modified":"2024-02-27T14:33:02","modified_gmt":"2024-02-27T17:33:02","slug":"o-professor-lucelmo-lacerda-fara-parte-do-congresso-nacional-de-educacao","status":"publish","type":"post","link":"https:\/\/pos-graduacao.uepb.edu.br\/profei\/2024\/02\/27\/o-professor-lucelmo-lacerda-fara-parte-do-congresso-nacional-de-educacao\/","title":{"rendered":"O professor Lucelmo Lacerda far\u00e1 parte do Congresso Nacional de Educa\u00e7\u00e3o"},"content":{"rendered":"<p><img loading=\"lazy\" decoding=\"async\" class=\"aligncenter size-full wp-image-608 img-responsive\" src=\"https:\/\/pos-graduacao.uepb.edu.br\/profei\/files\/2023\/11\/V-CINDETI.png\" alt=\"\" width=\"2155\" height=\"463\" srcset=\"https:\/\/pos-graduacao.uepb.edu.br\/profei\/files\/2023\/11\/V-CINDETI.png 2155w, https:\/\/pos-graduacao.uepb.edu.br\/profei\/files\/2023\/11\/V-CINDETI-300x64.png 300w, https:\/\/pos-graduacao.uepb.edu.br\/profei\/files\/2023\/11\/V-CINDETI-1536x330.png 1536w, https:\/\/pos-graduacao.uepb.edu.br\/profei\/files\/2023\/11\/V-CINDETI-2048x440.png 2048w, https:\/\/pos-graduacao.uepb.edu.br\/profei\/files\/2023\/11\/V-CINDETI-1120x241.png 1120w\" sizes=\"auto, (max-width: 2155px) 100vw, 2155px\" \/><\/p>\n<p>&nbsp;<\/p>\n<p>O V Congresso Internacional de Educa\u00e7\u00e3o Inclusiva &#8211; CINTEDI tem a satisfa\u00e7\u00e3o de anunciar a participa\u00e7\u00e3o do professor Lucelmo Lacerda. Com um extenso curr\u00edculo acad\u00eamico e uma not\u00e1vel trajet\u00f3ria profissional, Lacerda \u00e9 uma figura de destaque no campo da Educa\u00e7\u00e3o Inclusiva.<\/p>\n<p>Doutor em Educa\u00e7\u00e3o pela PUC-SP, com est\u00e1gio p\u00f3s-doutoral em Psicologia na UFSCar, Lucelmo Lacerda traz consigo um profundo conhecimento te\u00f3rico aliado a uma vasta experi\u00eancia pr\u00e1tica. Seu conhecimento como psicopedagogo e professor da Especializa\u00e7\u00e3o em An\u00e1lise do Comportamento Aplicada (ABA) da CBI of Miami o torna um dos principais especialistas no tema.<br \/>\nAutor de obras importantes como \u201cTranstorno do Espectro Autista: uma brev\u00edssima introdu\u00e7\u00e3o\u201d e \u201cCr\u00edtica \u00e0 Pseudoci\u00eancia em Educa\u00e7\u00e3o Especial\u201d, Lacerda \u00e9 reconhecido internacionalmente por suas contribui\u00e7\u00f5es significativas para o campo da Educa\u00e7\u00e3o Especial. Sua perspectiva cr\u00edtica e fundamentada tem sido crucial para desmistificar conceitos e pr\u00e1ticas que permeiam essa tem\u00e1tica.<br \/>\nAl\u00e9m de suas realiza\u00e7\u00f5es acad\u00eamicas, o professor Lacerda tamb\u00e9m desempenhou um papel fundamental como especialista no Grupo de Trabalho do Conselho Nacional de Educa\u00e7\u00e3o Especial \u2013 CNE, contribuindo ativamente para a elabora\u00e7\u00e3o das novas Diretrizes Nacionais de Educa\u00e7\u00e3o Especial.<\/p>\n<p>A palestra de Lucelmo Lacerda promete ser um dos pontos altos do CINTEDI, oferecendo reflex\u00f5es profundas e orienta\u00e7\u00f5es pr\u00e1ticas para todos os participantes interessados em promover uma educa\u00e7\u00e3o mais inclusiva.<\/p>\n<p>O Congresso Nacional de Educa\u00e7\u00e3o \u00e9 uma realiza\u00e7\u00e3o do Centro Multidisciplinar de Estudos e Pesquisas &#8211; CEMEP e conta com o apoio da Universidade Estadual da Para\u00edba &#8211; UEPB, da Universidad de Chile \u2013 UCh, do Mestrado Profissional em Educa\u00e7\u00e3o Inclusiva em Rede Nacional \u2013 PROFEI, do Grupo de Estudos e Pesquisa em Educa\u00e7\u00e3o Especial na Perspectiva Inclusiva \u2013 GEPEEPI, da Universidad Tres de Febrero \u2013 UNTREF, da Universidade Regional do Cariri \u2013 URCA, da Universidade de Pernambuco \u2013 UPE, da Universidade Estadual Paulista \u2013 UNESP, Universidade Estadual do Rio Grande do Norte \u2013 UERN, Universidade Federal de Alagoas \u2013 UFAL, Universidade Federal do Rio Grande do Norte \u2013 UFRN, Universidade Estadual do Cear\u00e1 \u2013 UECE. A organiza\u00e7\u00e3o log\u00edstica \u00e9 da Realize Eventos Cient\u00edficos &amp; Editora.<\/p>\n<p>Para mais informa\u00e7\u00f5es sobre o processo seletivo e demais detalhes, acesse o site <a href=\"http:\/\/www.cintedi.com.br\"><strong><span style=\"color: #000080\">www.cintedi.com.br<\/span> <\/strong><\/a>ou enviei e-mail para o <a href=\"mailto:cintedi@portalrealize.com.br\">cintedi@portalrealize.com.br<\/a> e fique por dentro de todas as novidades.<\/p>\n<p>Ascom Realize Eventos Cient\u00edficos e Editora<\/p>\n<p><img loading=\"lazy\" decoding=\"async\" class=\"aligncenter size-full wp-image-602 img-responsive\" src=\"https:\/\/pos-graduacao.uepb.edu.br\/profei\/files\/2023\/10\/Cintedi.png\" alt=\"\" width=\"605\" height=\"68\" srcset=\"https:\/\/pos-graduacao.uepb.edu.br\/profei\/files\/2023\/10\/Cintedi.png 605w, https:\/\/pos-graduacao.uepb.edu.br\/profei\/files\/2023\/10\/Cintedi-300x34.png 300w\" sizes=\"auto, (max-width: 605px) 100vw, 605px\" \/><\/p>\n","protected":false},"excerpt":{"rendered":"<p>&nbsp; O V Congresso Internacional de Educa\u00e7\u00e3o Inclusiva &#8211; CINTEDI tem a satisfa\u00e7\u00e3o de anunciar a participa\u00e7\u00e3o do professor Lucelmo Lacerda. Com um extenso curr\u00edculo acad\u00eamico e uma not\u00e1vel trajet\u00f3ria profissional, Lacerda \u00e9 uma figura de destaque no campo da Educa\u00e7\u00e3o Inclusiva. Doutor em Educa\u00e7\u00e3o pela PUC-SP, com est\u00e1gio p\u00f3s-doutoral em Psicologia na UFSCar, Lucelmo <a class=\"leiamais\" href=\"https:\/\/pos-graduacao.uepb.edu.br\/profei\/2024\/02\/27\/o-professor-lucelmo-lacerda-fara-parte-do-congresso-nacional-de-educacao\/\">Leia Mais&#8230;<\/a><\/p>\n","protected":false},"author":68,"featured_media":0,"comment_status":"open","ping_status":"open","sticky":false,"template":"","format":"standard","meta":{"footnotes":""},"categories":[3],"tags":[],"class_list":["post-648","post","type-post","status-publish","format-standard","hentry","category-noticias"],"_links":{"self":[{"href":"https:\/\/pos-graduacao.uepb.edu.br\/profei\/wp-json\/wp\/v2\/posts\/648","targetHints":{"allow":["GET"]}}],"collection":[{"href":"https:\/\/pos-graduacao.uepb.edu.br\/profei\/wp-json\/wp\/v2\/posts"}],"about":[{"href":"https:\/\/pos-graduacao.uepb.edu.br\/profei\/wp-json\/wp\/v2\/types\/post"}],"author":[{"embeddable":true,"href":"https:\/\/pos-graduacao.uepb.edu.br\/profei\/wp-json\/wp\/v2\/users\/68"}],"replies":[{"embeddable":true,"href":"https:\/\/pos-graduacao.uepb.edu.br\/profei\/wp-json\/wp\/v2\/comments?post=648"}],"version-history":[{"count":4,"href":"https:\/\/pos-graduacao.uepb.edu.br\/profei\/wp-json\/wp\/v2\/posts\/648\/revisions"}],"predecessor-version":[{"id":658,"href":"https:\/\/pos-graduacao.uepb.edu.br\/profei\/wp-json\/wp\/v2\/posts\/648\/revisions\/658"}],"wp:attachment":[{"href":"https:\/\/pos-graduacao.uepb.edu.br\/profei\/wp-json\/wp\/v2\/media?parent=648"}],"wp:term":[{"taxonomy":"category","embeddable":true,"href":"https:\/\/pos-graduacao.uepb.edu.br\/profei\/wp-json\/wp\/v2\/categories?post=648"},{"taxonomy":"post_tag","embeddable":true,"href":"https:\/\/pos-graduacao.uepb.edu.br\/profei\/wp-json\/wp\/v2\/tags?post=648"}],"curies":[{"name":"wp","href":"https:\/\/api.w.org\/{rel}","templated":true}]}}