{"id":612,"date":"2023-11-10T08:06:11","date_gmt":"2023-11-10T11:06:11","guid":{"rendered":"https:\/\/pos-graduacao.uepb.edu.br\/profei\/?p=612"},"modified":"2025-08-22T10:30:22","modified_gmt":"2025-08-22T13:30:22","slug":"processo-seletivo-2024-edital-06-2023","status":"publish","type":"post","link":"https:\/\/pos-graduacao.uepb.edu.br\/profei\/2023\/11\/10\/processo-seletivo-2024-edital-06-2023\/","title":{"rendered":"Processo Seletivo 2024 &#8211; Edital 06\/2023"},"content":{"rendered":"<p><span style=\"color: #0000ff\"><strong>Edital de abertura das inscri\u00e7\u00f5es para turma 2024.<\/strong><\/span><\/p>\n<p><strong><a href=\"https:\/\/pos-graduacao.uepb.edu.br\/profei\/download\/processo-seletivo-2024-edital-06-2023\/\">Edital de abertura das inscri\u00e7\u00f5es n\u00ba 06\/2023<\/a><\/strong><\/p>\n<p><strong><a href=\"https:\/\/pos-graduacao.uepb.edu.br\/profei\/download\/divulgacao-da-lista-das-inscricoes-homologadas\/\">Divulga\u00e7\u00e3o da lista das inscri\u00e7\u00f5es homologadas<\/a><\/strong><\/p>\n<p><a href=\"https:\/\/pos-graduacao.uepb.edu.br\/profei\/download\/divulgacao-do-resultado-da-analise-de-recurso-pelo-indeferimento-de-inscricao\/\"><strong>Divulga\u00e7\u00e3o do resultado da an\u00e1lise de recurso pelo indeferimento de inscri\u00e7\u00e3o<\/strong><\/a><\/p>\n<p><a href=\"https:\/\/pos-graduacao.uepb.edu.br\/profei\/download\/resultado-da-analise-de-documentos-para-pontuacao-e-classificacao-previa\/\"><strong>Resultado da an\u00e1lise de documentos para pontua\u00e7\u00e3o e classifica\u00e7\u00e3o pr\u00e9via<\/strong><\/a><\/p>\n<p><a href=\"https:\/\/pos-graduacao.uepb.edu.br\/profei\/download\/divulgacao-do-resultado-da-analise-dos-recursos\/\"><strong>Divulga\u00e7\u00e3o do resultado da an\u00e1lise dos recursos de documentos para pontua\u00e7\u00e3o\u00a0<\/strong><\/a><\/p>\n<p><a href=\"https:\/\/pos-graduacao.uepb.edu.br\/profei\/download\/resultado-da-analise-da-proposta-de-intencao-de-pesquisa\/\"><strong>Divulga\u00e7\u00e3o do resultado da an\u00e1lise da proposta de inten\u00e7\u00e3o de pesquisa e da classifica\u00e7\u00e3o pr\u00e9via para a entrevista<\/strong><\/a><\/p>\n<p><a href=\"https:\/\/pos-graduacao.uepb.edu.br\/profei\/download\/resultado-da-analise-do-recurso-da-proposta-de-intencao-de-pesquisa\/\"><strong>Divulga\u00e7\u00e3o do resultado da an\u00e1lise do recurso da proposta de inten\u00e7\u00e3o de pesquisa e aprovados para a entrevista<\/strong><\/a><\/p>\n<p><strong><a href=\"https:\/\/pos-graduacao.uepb.edu.br\/profei\/download\/edital-de-convocacao-para-entrevista\/\">Divulga\u00e7\u00e3o do edital de convoca\u00e7\u00e3o para entrevista<\/a><\/strong><\/p>\n<p><strong>Divulga\u00e7\u00e3o do edital das <a href=\"https:\/\/pos-graduacao.uepb.edu.br\/profei\/download\/divulgacao-do-resultado-da-entrevista\/\">Notas da entrevista<\/a> e<a href=\"https:\/\/pos-graduacao.uepb.edu.br\/profei\/download\/classificacao-previa\/\"> Edital da pr\u00e9via da classifica\u00e7\u00e3o final<\/a><\/strong><\/p>\n<p><strong>Divulga\u00e7\u00e3o do <a href=\"https:\/\/pos-graduacao.uepb.edu.br\/profei\/download\/divulgacao-do-edital-da-analise-do-recurso-das-entrevistas-e-classificacao-final\/\">edital da an\u00e1lise do recurso das entrevistas e classifica\u00e7\u00e3o final<\/a><\/strong><\/p>\n<p><a href=\"https:\/\/pos-graduacao.uepb.edu.br\/profei\/download\/edital-de-convocacao-para-realizacao-da-matricula\/\"><strong>Edital de convoca\u00e7\u00e3o para realiza\u00e7\u00e3o da matr\u00edcula &#8211; PROFEI\/UEPB<\/strong><\/a><\/p>\n<p><strong>ANEXO I &#8211; <\/strong><a href=\"https:\/\/pos-graduacao.uepb.edu.br\/profei\/download\/anexo-i-formulario-de-matricula-profei-uepb\/\"><strong>Formul\u00e1rio de Matr\u00edcula<\/strong><\/a><\/p>\n<p><strong>ANEXO III &#8211; <a href=\"https:\/\/pos-graduacao.uepb.edu.br\/profei\/download\/anexo-iii-declaracao-de-vinculo-empregaticio\/\">Modelo de Declara\u00e7\u00e3o de V\u00ednculo Empregat\u00edcio<\/a><\/strong><\/p>\n","protected":false},"excerpt":{"rendered":"<p>Edital de abertura das inscri\u00e7\u00f5es para turma 2024. Edital de abertura das inscri\u00e7\u00f5es n\u00ba 06\/2023 Divulga\u00e7\u00e3o da lista das inscri\u00e7\u00f5es homologadas Divulga\u00e7\u00e3o do resultado da an\u00e1lise de recurso pelo indeferimento de inscri\u00e7\u00e3o Resultado da an\u00e1lise de documentos para pontua\u00e7\u00e3o e classifica\u00e7\u00e3o pr\u00e9via Divulga\u00e7\u00e3o do resultado da an\u00e1lise dos recursos de documentos para pontua\u00e7\u00e3o\u00a0 Divulga\u00e7\u00e3o do <a class=\"leiamais\" href=\"https:\/\/pos-graduacao.uepb.edu.br\/profei\/2023\/11\/10\/processo-seletivo-2024-edital-06-2023\/\">Leia Mais&#8230;<\/a><\/p>\n","protected":false},"author":68,"featured_media":0,"comment_status":"open","ping_status":"open","sticky":false,"template":"","format":"standard","meta":{"footnotes":""},"categories":[3],"tags":[],"class_list":["post-612","post","type-post","status-publish","format-standard","hentry","category-noticias"],"_links":{"self":[{"href":"https:\/\/pos-graduacao.uepb.edu.br\/profei\/wp-json\/wp\/v2\/posts\/612","targetHints":{"allow":["GET"]}}],"collection":[{"href":"https:\/\/pos-graduacao.uepb.edu.br\/profei\/wp-json\/wp\/v2\/posts"}],"about":[{"href":"https:\/\/pos-graduacao.uepb.edu.br\/profei\/wp-json\/wp\/v2\/types\/post"}],"author":[{"embeddable":true,"href":"https:\/\/pos-graduacao.uepb.edu.br\/profei\/wp-json\/wp\/v2\/users\/68"}],"replies":[{"embeddable":true,"href":"https:\/\/pos-graduacao.uepb.edu.br\/profei\/wp-json\/wp\/v2\/comments?post=612"}],"version-history":[{"count":16,"href":"https:\/\/pos-graduacao.uepb.edu.br\/profei\/wp-json\/wp\/v2\/posts\/612\/revisions"}],"predecessor-version":[{"id":646,"href":"https:\/\/pos-graduacao.uepb.edu.br\/profei\/wp-json\/wp\/v2\/posts\/612\/revisions\/646"}],"wp:attachment":[{"href":"https:\/\/pos-graduacao.uepb.edu.br\/profei\/wp-json\/wp\/v2\/media?parent=612"}],"wp:term":[{"taxonomy":"category","embeddable":true,"href":"https:\/\/pos-graduacao.uepb.edu.br\/profei\/wp-json\/wp\/v2\/categories?post=612"},{"taxonomy":"post_tag","embeddable":true,"href":"https:\/\/pos-graduacao.uepb.edu.br\/profei\/wp-json\/wp\/v2\/tags?post=612"}],"curies":[{"name":"wp","href":"https:\/\/api.w.org\/{rel}","templated":true}]}}