{"id":607,"date":"2023-11-07T11:16:29","date_gmt":"2023-11-07T14:16:29","guid":{"rendered":"https:\/\/pos-graduacao.uepb.edu.br\/profei\/?p=607"},"modified":"2023-11-07T11:16:29","modified_gmt":"2023-11-07T14:16:29","slug":"campina-grande-recebe-o-v-congresso-internacional-de-educacao-inclusiva","status":"publish","type":"post","link":"https:\/\/pos-graduacao.uepb.edu.br\/profei\/2023\/11\/07\/campina-grande-recebe-o-v-congresso-internacional-de-educacao-inclusiva\/","title":{"rendered":"Campina Grande recebe o V Congresso Internacional de Educa\u00e7\u00e3o Inclusiva"},"content":{"rendered":"<p><img loading=\"lazy\" decoding=\"async\" class=\"size-full wp-image-608 aligncenter img-responsive\" src=\"https:\/\/pos-graduacao.uepb.edu.br\/profei\/files\/2023\/11\/V-CINDETI.png\" alt=\"\" width=\"2155\" height=\"463\" srcset=\"https:\/\/pos-graduacao.uepb.edu.br\/profei\/files\/2023\/11\/V-CINDETI.png 2155w, https:\/\/pos-graduacao.uepb.edu.br\/profei\/files\/2023\/11\/V-CINDETI-300x64.png 300w, https:\/\/pos-graduacao.uepb.edu.br\/profei\/files\/2023\/11\/V-CINDETI-1536x330.png 1536w, https:\/\/pos-graduacao.uepb.edu.br\/profei\/files\/2023\/11\/V-CINDETI-2048x440.png 2048w, https:\/\/pos-graduacao.uepb.edu.br\/profei\/files\/2023\/11\/V-CINDETI-1120x241.png 1120w\" sizes=\"auto, (max-width: 2155px) 100vw, 2155px\" \/><\/p>\n<p>&nbsp;<\/p>\n<p>A Cidade de Campina Grande, no estado da Para\u00edba, ser\u00e1 palco do <strong>V Congresso Internacional de Educa\u00e7\u00e3o Inclusiva \u2013 CINTEDI.<\/strong> Com o tema \u201c<em>Educa\u00e7\u00e3o inclusiva, diversidade e direitos humanos: tecendo redes de solidariedade na sociedade p\u00f3s-moderna\u201d<\/em>, o evento vai reunir especialistas e profissionais interessados\/as em discutir e promover pr\u00e1ticas educacionais inclusivas.<\/p>\n<p>O <strong>V CINTEDI<\/strong> acontecer\u00e1 de <strong>12 a 14 de junho de 2024<\/strong>, no Centro de Conven\u00e7\u00f5es Raymundo Asfora, localizado no Garden Hotel. Durante os tr\u00eas dias de evento, ser\u00e3o realizadas palestras, mesas-redondas, apresenta\u00e7\u00f5es de trabalhos, lan\u00e7amento de livros, oficinas e minicursos.<\/p>\n<p>O Congresso \u00e9 resultado de uma parceria com a <strong>Universidade do Chile<\/strong>, que visa promover discuss\u00f5es a respeito da educa\u00e7\u00e3o inclusiva, al\u00e9m da busca pela valoriza\u00e7\u00e3o e incentivo da produ\u00e7\u00e3o de conhecimento cient\u00edfico. O evento \u00e9 uma oportunidade para a troca de experi\u00eancias entre professores\/as, pesquisadores\/as, gestores\/as e demais interessados\/as, com o objetivo de fornecer caminhos para a constru\u00e7\u00e3o de uma educa\u00e7\u00e3o verdadeiramente inclusiva.<\/p>\n<p>O <strong>V CINTEDI<\/strong> contar\u00e1 com a participa\u00e7\u00e3o dos\/as professores\/as <strong>Teresa Mantoan<\/strong>, <strong>Klaus Schulunzen, Sandra Katz, Dolores Fortes e Sandra Meza<\/strong>, reconhecidos\/as por seus estudos e contribui\u00e7\u00f5es na \u00e1rea da educa\u00e7\u00e3o inclusiva. O V Congresso Internacional de Educa\u00e7\u00e3o Inclusiva tem como prop\u00f3sito fomentar o di\u00e1logo, a troca de conhecimentos e a dissemina\u00e7\u00e3o de pr\u00e1ticas bem-sucedidas na busca por uma educa\u00e7\u00e3o inclusiva, baseada nos pilares da diversidade e respeito aos direitos humanos.<\/p>\n<p>Para mais informa\u00e7\u00f5es acesse <a href=\"http:\/\/www.cintedi.com.br\/\">www.cintedi.com.br<\/a> ou entre em contato atrav\u00e9s do e-mail <u><a href=\"comunicacaoportalrealize@gmail.com\">comunicacaoportalrealize@gmail.com<\/a>.<\/u><\/p>\n<p>&nbsp;<\/p>\n<p><strong><em>Ascom Realize Eventos Cient\u00edficos &amp; Editora<\/em><\/strong><\/p>\n<p>&nbsp;<\/p>\n<p><img loading=\"lazy\" decoding=\"async\" class=\"aligncenter size-full wp-image-609 img-responsive\" src=\"https:\/\/pos-graduacao.uepb.edu.br\/profei\/files\/2023\/11\/V-CINDETI-rodape.png\" alt=\"\" width=\"1886\" height=\"192\" srcset=\"https:\/\/pos-graduacao.uepb.edu.br\/profei\/files\/2023\/11\/V-CINDETI-rodape.png 1886w, https:\/\/pos-graduacao.uepb.edu.br\/profei\/files\/2023\/11\/V-CINDETI-rodape-300x31.png 300w, https:\/\/pos-graduacao.uepb.edu.br\/profei\/files\/2023\/11\/V-CINDETI-rodape-1536x156.png 1536w, https:\/\/pos-graduacao.uepb.edu.br\/profei\/files\/2023\/11\/V-CINDETI-rodape-1120x114.png 1120w\" sizes=\"auto, (max-width: 1886px) 100vw, 1886px\" \/><\/p>\n","protected":false},"excerpt":{"rendered":"<p>&nbsp; A Cidade de Campina Grande, no estado da Para\u00edba, ser\u00e1 palco do V Congresso Internacional de Educa\u00e7\u00e3o Inclusiva \u2013 CINTEDI. Com o tema \u201cEduca\u00e7\u00e3o inclusiva, diversidade e direitos humanos: tecendo redes de solidariedade na sociedade p\u00f3s-moderna\u201d, o evento vai reunir especialistas e profissionais interessados\/as em discutir e promover pr\u00e1ticas educacionais inclusivas. O V CINTEDI <a class=\"leiamais\" href=\"https:\/\/pos-graduacao.uepb.edu.br\/profei\/2023\/11\/07\/campina-grande-recebe-o-v-congresso-internacional-de-educacao-inclusiva\/\">Leia Mais&#8230;<\/a><\/p>\n","protected":false},"author":68,"featured_media":0,"comment_status":"open","ping_status":"open","sticky":false,"template":"","format":"standard","meta":{"footnotes":""},"categories":[3],"tags":[],"class_list":["post-607","post","type-post","status-publish","format-standard","hentry","category-noticias"],"_links":{"self":[{"href":"https:\/\/pos-graduacao.uepb.edu.br\/profei\/wp-json\/wp\/v2\/posts\/607","targetHints":{"allow":["GET"]}}],"collection":[{"href":"https:\/\/pos-graduacao.uepb.edu.br\/profei\/wp-json\/wp\/v2\/posts"}],"about":[{"href":"https:\/\/pos-graduacao.uepb.edu.br\/profei\/wp-json\/wp\/v2\/types\/post"}],"author":[{"embeddable":true,"href":"https:\/\/pos-graduacao.uepb.edu.br\/profei\/wp-json\/wp\/v2\/users\/68"}],"replies":[{"embeddable":true,"href":"https:\/\/pos-graduacao.uepb.edu.br\/profei\/wp-json\/wp\/v2\/comments?post=607"}],"version-history":[{"count":1,"href":"https:\/\/pos-graduacao.uepb.edu.br\/profei\/wp-json\/wp\/v2\/posts\/607\/revisions"}],"predecessor-version":[{"id":610,"href":"https:\/\/pos-graduacao.uepb.edu.br\/profei\/wp-json\/wp\/v2\/posts\/607\/revisions\/610"}],"wp:attachment":[{"href":"https:\/\/pos-graduacao.uepb.edu.br\/profei\/wp-json\/wp\/v2\/media?parent=607"}],"wp:term":[{"taxonomy":"category","embeddable":true,"href":"https:\/\/pos-graduacao.uepb.edu.br\/profei\/wp-json\/wp\/v2\/categories?post=607"},{"taxonomy":"post_tag","embeddable":true,"href":"https:\/\/pos-graduacao.uepb.edu.br\/profei\/wp-json\/wp\/v2\/tags?post=607"}],"curies":[{"name":"wp","href":"https:\/\/api.w.org\/{rel}","templated":true}]}}