{"id":599,"date":"2023-10-27T15:00:36","date_gmt":"2023-10-27T18:00:36","guid":{"rendered":"https:\/\/pos-graduacao.uepb.edu.br\/profei\/?p=599"},"modified":"2023-10-27T15:09:30","modified_gmt":"2023-10-27T18:09:30","slug":"599","status":"publish","type":"post","link":"https:\/\/pos-graduacao.uepb.edu.br\/profei\/2023\/10\/27\/599\/","title":{"rendered":"Inscri\u00e7\u00f5es para monitoria do V Congresso Internacional de Educa\u00e7\u00e3o Inclusiva"},"content":{"rendered":"<p><img loading=\"lazy\" decoding=\"async\" class=\"aligncenter size-full wp-image-601 img-responsive\" src=\"https:\/\/pos-graduacao.uepb.edu.br\/profei\/files\/2023\/10\/cap.png\" alt=\"\" width=\"1003\" height=\"222\" srcset=\"https:\/\/pos-graduacao.uepb.edu.br\/profei\/files\/2023\/10\/cap.png 1003w, https:\/\/pos-graduacao.uepb.edu.br\/profei\/files\/2023\/10\/cap-300x66.png 300w\" sizes=\"auto, (max-width: 1003px) 100vw, 1003px\" \/><\/p>\n<p>&nbsp;<\/p>\n<p><a href=\"https:\/\/pos-graduacao.uepb.edu.br\/profei\/download\/processo-seletivo-para-monitoria-do-v-congresso-internacional-de-educacao-inclusiva\/\"><strong>O V Congresso Internacional de Educa\u00e7\u00e3o Inclusiva abre inscri\u00e7\u00f5es para monitoria<\/strong><\/a><\/p>\n<p>O V Congresso Internacional de Educa\u00e7\u00e3o Inclusiva &#8211; CINTEDI est\u00e1 com inscri\u00e7\u00f5es abertas para estudantes de gradua\u00e7\u00e3o interessados em participar como monitores do evento. Com um total de <strong>40 vagas<\/strong> dispon\u00edveis, a monitoria tem como objetivo proporcionar uma experi\u00eancia enriquecedora aos participantes, al\u00e9m de ampliar a divulga\u00e7\u00e3o do congresso nas universidades e redes sociais.<\/p>\n<p>As inscri\u00e7\u00f5es dever\u00e3o ser realizadas, exclusivamente, pelo site do evento at\u00e9 o dia <strong>31 e outubro de 2023<\/strong>. Os interessados devem preencher o formul\u00e1rio online e aguardar o processo de sele\u00e7\u00e3o, que levar\u00e1 em considera\u00e7\u00e3o a disponibilidade de vagas e o perfil do candidato.<\/p>\n<p>Como monitor (a), algumas atribui\u00e7\u00f5es s\u00e3o esperadas, como a participa\u00e7\u00e3o em treinamentos e reuni\u00f5es pr\u00e9vias ao congresso. Al\u00e9m disso, os monitores ser\u00e3o respons\u00e1veis por representar o evento em suas respectivas institui\u00e7\u00f5es de ensino, divulgando-o entre alunos, professores e demais interessados. A divulga\u00e7\u00e3o nas redes sociais tamb\u00e9m ser\u00e1 uma das tarefas dos monitores.<\/p>\n<p>Como forma de reconhecimento pelo trabalho realizado, os monitores selecionados receber\u00e3o benef\u00edcios exclusivos. Al\u00e9m da isen\u00e7\u00e3o da taxa de inscri\u00e7\u00e3o, tamb\u00e9m ser\u00e1 disponibilizado um certificado de monitoria com 120 horas extracurriculares, que poder\u00e1 ser utilizado como atividade complementar nas universidades.<\/p>\n<p>A oportunidade de monitoria no V CINTEDI \u00e9 uma forma de envolver os estudantes na organiza\u00e7\u00e3o de um evento de relev\u00e2ncia nacional e internacional, gerando conhecimentos e viv\u00eancias \u00fanicas \u00e0 sua forma\u00e7\u00e3o acad\u00eamica.<\/p>\n<p>Para mais informa\u00e7\u00f5es sobre o processo seletivo e demais detalhes, acesse o site <a href=\"http:\/\/www.cintedi.com.br\">www.cintedi.com.br<\/a> ou enviei e-mail para o <a href=\"cintedi@portalrealize.com.br\">cintedi@portalrealize.com.br<\/a> e fique por dentro de todas as novidades.<\/p>\n<p><img loading=\"lazy\" decoding=\"async\" class=\"aligncenter size-full wp-image-602 img-responsive\" src=\"https:\/\/pos-graduacao.uepb.edu.br\/profei\/files\/2023\/10\/Cintedi.png\" alt=\"\" width=\"605\" height=\"68\" srcset=\"https:\/\/pos-graduacao.uepb.edu.br\/profei\/files\/2023\/10\/Cintedi.png 605w, https:\/\/pos-graduacao.uepb.edu.br\/profei\/files\/2023\/10\/Cintedi-300x34.png 300w\" sizes=\"auto, (max-width: 605px) 100vw, 605px\" \/><\/p>\n","protected":false},"excerpt":{"rendered":"<p>&nbsp; O V Congresso Internacional de Educa\u00e7\u00e3o Inclusiva abre inscri\u00e7\u00f5es para monitoria O V Congresso Internacional de Educa\u00e7\u00e3o Inclusiva &#8211; CINTEDI est\u00e1 com inscri\u00e7\u00f5es abertas para estudantes de gradua\u00e7\u00e3o interessados em participar como monitores do evento. Com um total de 40 vagas dispon\u00edveis, a monitoria tem como objetivo proporcionar uma experi\u00eancia enriquecedora aos participantes, al\u00e9m <a class=\"leiamais\" href=\"https:\/\/pos-graduacao.uepb.edu.br\/profei\/2023\/10\/27\/599\/\">Leia Mais&#8230;<\/a><\/p>\n","protected":false},"author":68,"featured_media":0,"comment_status":"open","ping_status":"open","sticky":false,"template":"","format":"standard","meta":{"footnotes":""},"categories":[3],"tags":[],"class_list":["post-599","post","type-post","status-publish","format-standard","hentry","category-noticias"],"_links":{"self":[{"href":"https:\/\/pos-graduacao.uepb.edu.br\/profei\/wp-json\/wp\/v2\/posts\/599","targetHints":{"allow":["GET"]}}],"collection":[{"href":"https:\/\/pos-graduacao.uepb.edu.br\/profei\/wp-json\/wp\/v2\/posts"}],"about":[{"href":"https:\/\/pos-graduacao.uepb.edu.br\/profei\/wp-json\/wp\/v2\/types\/post"}],"author":[{"embeddable":true,"href":"https:\/\/pos-graduacao.uepb.edu.br\/profei\/wp-json\/wp\/v2\/users\/68"}],"replies":[{"embeddable":true,"href":"https:\/\/pos-graduacao.uepb.edu.br\/profei\/wp-json\/wp\/v2\/comments?post=599"}],"version-history":[{"count":3,"href":"https:\/\/pos-graduacao.uepb.edu.br\/profei\/wp-json\/wp\/v2\/posts\/599\/revisions"}],"predecessor-version":[{"id":605,"href":"https:\/\/pos-graduacao.uepb.edu.br\/profei\/wp-json\/wp\/v2\/posts\/599\/revisions\/605"}],"wp:attachment":[{"href":"https:\/\/pos-graduacao.uepb.edu.br\/profei\/wp-json\/wp\/v2\/media?parent=599"}],"wp:term":[{"taxonomy":"category","embeddable":true,"href":"https:\/\/pos-graduacao.uepb.edu.br\/profei\/wp-json\/wp\/v2\/categories?post=599"},{"taxonomy":"post_tag","embeddable":true,"href":"https:\/\/pos-graduacao.uepb.edu.br\/profei\/wp-json\/wp\/v2\/tags?post=599"}],"curies":[{"name":"wp","href":"https:\/\/api.w.org\/{rel}","templated":true}]}}