{"id":578,"date":"2023-09-29T11:20:27","date_gmt":"2023-09-29T14:20:27","guid":{"rendered":"https:\/\/pos-graduacao.uepb.edu.br\/profei\/?p=578"},"modified":"2023-10-10T11:38:08","modified_gmt":"2023-10-10T14:38:08","slug":"edital-de-credenciamento-e-expansao-da-rede-do-mestrado","status":"publish","type":"post","link":"https:\/\/pos-graduacao.uepb.edu.br\/profei\/2023\/09\/29\/edital-de-credenciamento-e-expansao-da-rede-do-mestrado\/","title":{"rendered":"Credenciamento e expans\u00e3o da rede do Mestrado Profissional em Educa\u00e7\u00e3o Inclusiva &#8211; PROFEI"},"content":{"rendered":"<p>O Conselho Gestor do Programa de Mestrado Profissional em Educa\u00e7\u00e3o Inclusiva (PROFEI) torna p\u00fablico a rela\u00e7\u00e3o de Institui\u00e7\u00f5es de Educa\u00e7\u00e3o Superior com proposta de credenciamento para integrar a rede PROFEI.<\/p>\n<p><a href=\"https:\/\/pos-graduacao.uepb.edu.br\/profei\/download\/modelo-de-formulario-de-inscricao\/\"><strong>Formul\u00e1rio de Inscri\u00e7\u00e3o<\/strong><\/a><\/p>\n<p><a href=\"https:\/\/pos-graduacao.uepb.edu.br\/profei\/download\/edital-de-credenciamento-e-expansao-da-rede-do-mestrado-profissional-em-educacao-inclusiva-profei\/\"><strong>Edital de Credenciamento e Expans\u00e3o da Rede PROFEI<\/strong><\/a><\/p>\n<p><a href=\"https:\/\/pos-graduacao.uepb.edu.br\/profei\/download\/retificacao-do-edital-no-05-2023\/\"><strong>Retifica\u00e7\u00e3o do Edital de Credenciamento e Expans\u00e3o da Rede PROFEI<\/strong><\/a><\/p>\n<p><a href=\"https:\/\/pos-graduacao.uepb.edu.br\/profei\/download\/resultado-preliminar-edital-no-05-2023\/\"><strong>Resultado Preliminar de credenciamento de IES para PROFEI<\/strong><\/a><\/p>\n<p><a href=\"https:\/\/pos-graduacao.uepb.edu.br\/profei\/download\/resultado-final-2\/\"><strong>Resultado Final<\/strong><\/a><\/p>\n","protected":false},"excerpt":{"rendered":"<p>O Conselho Gestor do Programa de Mestrado Profissional em Educa\u00e7\u00e3o Inclusiva (PROFEI) torna p\u00fablico a rela\u00e7\u00e3o de Institui\u00e7\u00f5es de Educa\u00e7\u00e3o Superior com proposta de credenciamento para integrar a rede PROFEI. Formul\u00e1rio de Inscri\u00e7\u00e3o Edital de Credenciamento e Expans\u00e3o da Rede PROFEI Retifica\u00e7\u00e3o do Edital de Credenciamento e Expans\u00e3o da Rede PROFEI Resultado Preliminar de credenciamento <a class=\"leiamais\" href=\"https:\/\/pos-graduacao.uepb.edu.br\/profei\/2023\/09\/29\/edital-de-credenciamento-e-expansao-da-rede-do-mestrado\/\">Leia Mais&#8230;<\/a><\/p>\n","protected":false},"author":68,"featured_media":0,"comment_status":"open","ping_status":"open","sticky":false,"template":"","format":"standard","meta":{"footnotes":""},"categories":[3],"tags":[],"class_list":["post-578","post","type-post","status-publish","format-standard","hentry","category-noticias"],"_links":{"self":[{"href":"https:\/\/pos-graduacao.uepb.edu.br\/profei\/wp-json\/wp\/v2\/posts\/578","targetHints":{"allow":["GET"]}}],"collection":[{"href":"https:\/\/pos-graduacao.uepb.edu.br\/profei\/wp-json\/wp\/v2\/posts"}],"about":[{"href":"https:\/\/pos-graduacao.uepb.edu.br\/profei\/wp-json\/wp\/v2\/types\/post"}],"author":[{"embeddable":true,"href":"https:\/\/pos-graduacao.uepb.edu.br\/profei\/wp-json\/wp\/v2\/users\/68"}],"replies":[{"embeddable":true,"href":"https:\/\/pos-graduacao.uepb.edu.br\/profei\/wp-json\/wp\/v2\/comments?post=578"}],"version-history":[{"count":8,"href":"https:\/\/pos-graduacao.uepb.edu.br\/profei\/wp-json\/wp\/v2\/posts\/578\/revisions"}],"predecessor-version":[{"id":594,"href":"https:\/\/pos-graduacao.uepb.edu.br\/profei\/wp-json\/wp\/v2\/posts\/578\/revisions\/594"}],"wp:attachment":[{"href":"https:\/\/pos-graduacao.uepb.edu.br\/profei\/wp-json\/wp\/v2\/media?parent=578"}],"wp:term":[{"taxonomy":"category","embeddable":true,"href":"https:\/\/pos-graduacao.uepb.edu.br\/profei\/wp-json\/wp\/v2\/categories?post=578"},{"taxonomy":"post_tag","embeddable":true,"href":"https:\/\/pos-graduacao.uepb.edu.br\/profei\/wp-json\/wp\/v2\/tags?post=578"}],"curies":[{"name":"wp","href":"https:\/\/api.w.org\/{rel}","templated":true}]}}