{"id":433,"date":"2023-04-20T11:54:06","date_gmt":"2023-04-20T14:54:06","guid":{"rendered":"https:\/\/pos-graduacao.uepb.edu.br\/profei\/?p=433"},"modified":"2023-06-06T16:55:11","modified_gmt":"2023-06-06T19:55:11","slug":"iii-encontro-nacional-norbert-elias-civilizacao-e-educacao","status":"publish","type":"post","link":"https:\/\/pos-graduacao.uepb.edu.br\/profei\/2023\/04\/20\/iii-encontro-nacional-norbert-elias-civilizacao-e-educacao\/","title":{"rendered":"III Jornada Nacional Norbert Elias Civiliza\u00e7\u00e3o e Educa\u00e7\u00e3o"},"content":{"rendered":"<p><img loading=\"lazy\" decoding=\"async\" class=\"alignleft wp-image-444 size-medium img-responsive\" src=\"https:\/\/pos-graduacao.uepb.edu.br\/profei\/files\/2023\/04\/Norbert-Elias-300x300.jpg\" alt=\"\" width=\"300\" height=\"300\" srcset=\"https:\/\/pos-graduacao.uepb.edu.br\/profei\/files\/2023\/04\/Norbert-Elias-300x300.jpg 300w, https:\/\/pos-graduacao.uepb.edu.br\/profei\/files\/2023\/04\/Norbert-Elias-796x796.jpg 796w, https:\/\/pos-graduacao.uepb.edu.br\/profei\/files\/2023\/04\/Norbert-Elias.jpg 1080w\" sizes=\"auto, (max-width: 300px) 100vw, 300px\" \/><\/p>\n<p>&nbsp;<\/p>\n<p>&nbsp;<\/p>\n<p style=\"text-align: justify;line-height: 19.2pt;background: white;margin: 0cm 0cm 15.0pt 0cm\"><span style=\"font-family: 'Arial',sans-serif;color: #444444\">O Grupo de Estudos e Pesquisa em Educa\u00e7\u00e3o Especial na Perspectiva Inclusiva &#8211; GEPEEPI &#8211; da Universidade Estadual da Para\u00edba (UEPB) junto ao grupo de Estudos Figura\u00e7\u00e3o e Jogos de Poder da Universidade Federal da Para\u00edba (UFPB) realizar\u00e3o nos dias 14, 15 e 16 de junho de 2023, a III Jornada Nacional Norbert Elias Civiliza\u00e7\u00e3o e Educa\u00e7\u00e3o, que acontecer\u00e1 na Universidade Estadual da Para\u00edba &#8211; UEPB, no audit\u00f3rio I, do Campus de Campina Grande\/PB. O evento objetiva discutir a teoria do Soci\u00f3logo alem\u00e3o Norbert Elias e tem como p\u00fablico-alvo professores(as) e alunos(as) de gradua\u00e7\u00e3o e p\u00f3s-gradua\u00e7\u00e3o que comp\u00f5em os grupos de estudos eliaseanos em diferentes regi\u00f5es do pa\u00eds.<\/span><\/p>\n<p>&nbsp;<\/p>\n<p><img loading=\"lazy\" decoding=\"async\" class=\"aligncenter wp-image-520  img-responsive\" src=\"https:\/\/pos-graduacao.uepb.edu.br\/profei\/files\/2023\/04\/Imagem-evento.png\" alt=\"\" width=\"631\" height=\"146\" srcset=\"https:\/\/pos-graduacao.uepb.edu.br\/profei\/files\/2023\/04\/Imagem-evento.png 1305w, https:\/\/pos-graduacao.uepb.edu.br\/profei\/files\/2023\/04\/Imagem-evento-300x69.png 300w, https:\/\/pos-graduacao.uepb.edu.br\/profei\/files\/2023\/04\/Imagem-evento-1120x259.png 1120w\" sizes=\"auto, (max-width: 631px) 100vw, 631px\" \/><\/p>\n<h3 style=\"text-align: center\"><span style=\"color: #000080\"><strong>COMISS\u00c3O ORGANIZADORA<\/strong><\/span><\/h3>\n<p style=\"text-align: center\"><a href=\"http:\/\/lattes.cnpq.br\/2677667915869629\">Prof. Dr. Ricardo de Figueiredo Lucena \u2013 UFPB<\/a><\/p>\n<p style=\"text-align: center\"><a href=\"http:\/\/lattes.cnpq.br\/2097770183650384\">Profa. Dra. Ruth Barbosa de Ara\u00fajo Ribeiro \u2013 UEPB<\/a><\/p>\n<p style=\"text-align: center\"><a href=\"http:\/\/lattes.cnpq.br\/5339741056906369\">Prof. Dr. Eduardo Gomes Onofre \u2013 UEPB<\/a><\/p>\n<p>&nbsp;<\/p>\n<h3 style=\"text-align: center\"><span style=\"color: #000080\"><strong>COMISS\u00c3O CIENT\u00cdFICA<\/strong><\/span><\/h3>\n<p style=\"text-align: center\">Dr. C\u00e9lio Juvenal Costa &#8211; Universidade Estadual de Maring\u00e1 (UEM)<\/p>\n<p style=\"text-align: center\">Dr. Edilson Fernandes de Souza &#8211; Universidade Federal de Pernambuco (UFPE)<\/p>\n<p style=\"text-align: center\">Me. Gina da Silva Guimar\u00e3es &#8211; Universidade Federal de Pernambuco (UFPE)<\/p>\n<p style=\"text-align: center\">Me. M\u00e1rcia Maria Gon\u00e7alves &#8211; Instituto Federal da Bahia (IFBA) &#8211; (Campus de Valen\u00e7a)<\/p>\n<p style=\"text-align: center\">Dra. Ruth Barbosa de Ara\u00fajo Ribeiro &#8211; Universidade Estadual da Para\u00edba (UEPB)<\/p>\n<p>&nbsp;<\/p>\n<h3 style=\"text-align: center\"><a href=\"https:\/\/pos-graduacao.uepb.edu.br\/profei\/download\/programacao-iii-jornada-nobert-elias\/\"><span style=\"color: #0000ff\"><strong>PROGRAMA\u00c7\u00c3O COMPLETA<\/strong><\/span><\/a><\/h3>\n<hr \/>\n<h3 style=\"text-align: center\"><span style=\"color: #ff0000\"><strong>14 de junho<\/strong><\/span><\/h3>\n<p style=\"text-align: center\"><strong><span style=\"color: #0000ff\">CREDENCIAMENTO, \u00e0s 16h, no audit\u00f3rio I do Centro de Educa\u00e7\u00e3o CEDUC\/UEPB<\/span><\/strong><\/p>\n<p style=\"text-align: center\">Abertura &#8211; 19h:00<\/p>\n<p style=\"text-align: center\"><strong>Boas-vindas <\/strong><\/p>\n<p style=\"text-align: center\">Prof. Dr. Ricardo de Figueiredo Lucena<\/p>\n<p style=\"text-align: center\">Profa. Dra. Ruth Barbosa de Ara\u00fajo Ribeiro<\/p>\n<p style=\"text-align: center\">Prof. Dr. Eduardo Gomes Onofre<\/p>\n<p style=\"text-align: center\"><strong>Palestra<\/strong> &#8211; 19h:45<\/p>\n<p style=\"text-align: center\"><em>Norbert Elias: Experi\u00eancias Decoloniais<\/em><\/p>\n<p style=\"text-align: center\">Profa. Dra. Dina Maria Ros\u00e1rio<\/p>\n<p style=\"text-align: center\">Profa. Me. M\u00e1rcia Maria Gon\u00e7alves<\/p>\n<p style=\"text-align: center\">Media\u00e7\u00e3o<\/p>\n<p style=\"text-align: center\">Prof. Dr. Ricardo de Figueiredo Lucena<\/p>\n<p style=\"text-align: center\"><strong>Jantar de confraterniza\u00e7\u00e3o<\/strong> &#8211; 21h:30<\/p>\n<hr \/>\n<h3 class=\"Default\" style=\"margin-left: -35.45pt;text-align: center\"><span style=\"color: #ff0000\"><strong>15 de junho<\/strong><\/span><\/h3>\n<p style=\"text-align: center\"><strong>Mesa redonda<\/strong> \u2013 14h &#8211; 16h<\/p>\n<p style=\"text-align: center\"><strong>Tema<\/strong>: <em>O Brasil Contempor\u00e2neo e Concep\u00e7\u00f5es Eliasianas<\/em><\/p>\n<p style=\"text-align: center\">Profa. Dra. Magda Sarat<\/p>\n<p style=\"text-align: center\">Prof. Dr. C\u00e9lio Juvenal Costa<\/p>\n<p style=\"text-align: center\">Prof. Dr. Edilson Fernandes de Souza<\/p>\n<p style=\"text-align: center\">Media\u00e7\u00e3o<\/p>\n<p style=\"text-align: center\">Profa. Dra. Ruth Barbosa de Ara\u00fajo Ribeiro<\/p>\n<p style=\"text-align: center\"><strong><em>Coffee Break<\/em><\/strong>: 16h:00 \u2013 16h:30<\/p>\n<p style=\"text-align: center\"><strong>Curta: Jogo de olhar. Diretor Marcos Vilar<\/strong> &#8211; 16h:30- 18h:00<\/p>\n<p style=\"text-align: center\">Media\u00e7\u00e3o<\/p>\n<p style=\"text-align: center\">Prof. Dr. Ricardo de Figueiredo Lucena<\/p>\n<p style=\"text-align: center\">Proje\u00e7\u00e3o e debate do curta<\/p>\n<p style=\"text-align: center\"><a href=\"https:\/\/pos-graduacao.uepb.edu.br\/profei\/download\/relacao-da-apresentacoes-15-06-2023\/\"><span style=\"color: #0000ff\"><strong>Apresenta\u00e7\u00e3o de trabalhos<\/strong><\/span><\/a><\/p>\n<p style=\"text-align: center\"><strong>Mesa de comunica\u00e7\u00e3o<\/strong> \u2013 18h &#8211; 20h:30<\/p>\n<p style=\"text-align: center\">Temas transversais e Elias<\/p>\n<p style=\"text-align: center\">Media\u00e7\u00e3o<\/p>\n<p style=\"text-align: center\">Me. Charles Gomes Martins<\/p>\n<hr \/>\n<h3 style=\"text-align: center\"><span style=\"color: #ff0000\"><strong>16 de junho<\/strong><\/span><\/h3>\n<p style=\"text-align: center\"><strong>Mesa de comunica\u00e7\u00e3o:<\/strong> 14h -16h<\/p>\n<p style=\"text-align: center\"><a href=\"https:\/\/pos-graduacao.uepb.edu.br\/profei\/download\/relacao-das-apresentacoes-16-de-junho-de-2023\/\"><span style=\"color: #0000ff\"><strong>Apresenta\u00e7\u00e3o de trabalhos<\/strong><\/span><\/a><\/p>\n<p style=\"text-align: center\">Mediadora: Me. Gina da Silva Guimar\u00e3es<\/p>\n<p style=\"text-align: center\"><strong><em>Coffee Break<\/em><\/strong>: 16h<\/p>\n<p style=\"text-align: center\"><strong>Enceramento<\/strong>: 16h:30<\/p>\n<p style=\"text-align: center\"><strong>Caminhos do forr\u00f3<\/strong>: 17h<\/p>\n","protected":false},"excerpt":{"rendered":"<p>&nbsp; &nbsp; O Grupo de Estudos e Pesquisa em Educa\u00e7\u00e3o Especial na Perspectiva Inclusiva &#8211; GEPEEPI &#8211; da Universidade Estadual da Para\u00edba (UEPB) junto ao grupo de Estudos Figura\u00e7\u00e3o e Jogos de Poder da Universidade Federal da Para\u00edba (UFPB) realizar\u00e3o nos dias 14, 15 e 16 de junho de 2023, a III Jornada Nacional Norbert <a class=\"leiamais\" href=\"https:\/\/pos-graduacao.uepb.edu.br\/profei\/2023\/04\/20\/iii-encontro-nacional-norbert-elias-civilizacao-e-educacao\/\">Leia Mais&#8230;<\/a><\/p>\n","protected":false},"author":68,"featured_media":0,"comment_status":"open","ping_status":"open","sticky":false,"template":"","format":"standard","meta":{"footnotes":""},"categories":[3],"tags":[],"class_list":["post-433","post","type-post","status-publish","format-standard","hentry","category-noticias"],"_links":{"self":[{"href":"https:\/\/pos-graduacao.uepb.edu.br\/profei\/wp-json\/wp\/v2\/posts\/433","targetHints":{"allow":["GET"]}}],"collection":[{"href":"https:\/\/pos-graduacao.uepb.edu.br\/profei\/wp-json\/wp\/v2\/posts"}],"about":[{"href":"https:\/\/pos-graduacao.uepb.edu.br\/profei\/wp-json\/wp\/v2\/types\/post"}],"author":[{"embeddable":true,"href":"https:\/\/pos-graduacao.uepb.edu.br\/profei\/wp-json\/wp\/v2\/users\/68"}],"replies":[{"embeddable":true,"href":"https:\/\/pos-graduacao.uepb.edu.br\/profei\/wp-json\/wp\/v2\/comments?post=433"}],"version-history":[{"count":60,"href":"https:\/\/pos-graduacao.uepb.edu.br\/profei\/wp-json\/wp\/v2\/posts\/433\/revisions"}],"predecessor-version":[{"id":552,"href":"https:\/\/pos-graduacao.uepb.edu.br\/profei\/wp-json\/wp\/v2\/posts\/433\/revisions\/552"}],"wp:attachment":[{"href":"https:\/\/pos-graduacao.uepb.edu.br\/profei\/wp-json\/wp\/v2\/media?parent=433"}],"wp:term":[{"taxonomy":"category","embeddable":true,"href":"https:\/\/pos-graduacao.uepb.edu.br\/profei\/wp-json\/wp\/v2\/categories?post=433"},{"taxonomy":"post_tag","embeddable":true,"href":"https:\/\/pos-graduacao.uepb.edu.br\/profei\/wp-json\/wp\/v2\/tags?post=433"}],"curies":[{"name":"wp","href":"https:\/\/api.w.org\/{rel}","templated":true}]}}