{"id":41,"date":"2022-03-22T15:34:20","date_gmt":"2022-03-22T18:34:20","guid":{"rendered":"https:\/\/pos-graduacao.uepb.edu.br\/profei\/?p=41"},"modified":"2022-03-22T15:34:20","modified_gmt":"2022-03-22T18:34:20","slug":"o-conselho-gestor-do-profei-divulga-resultado-as-cotas-para-selecao-2022","status":"publish","type":"post","link":"https:\/\/pos-graduacao.uepb.edu.br\/profei\/2022\/03\/22\/o-conselho-gestor-do-profei-divulga-resultado-as-cotas-para-selecao-2022\/","title":{"rendered":"O Conselho Gestor do PROFEI divulga resultado \u00e0s cotas para sele\u00e7\u00e3o 2022"},"content":{"rendered":"<p>O<strong> Conselho Gestor do Programa de P\u00f3s-Gradua\u00e7\u00e3o em Educa\u00e7\u00e3o Inclusiva \u2013 PROFEI<\/strong> no uso de suas atribui\u00e7\u00f5es legais que estabelece o regulamento do Programa do Processo Seletivo para o Exame Nacional de Acesso ao Curso de Mestrado Profissional em Educa\u00e7\u00e3o Inclusiva para o ano de 2022 DIVULGA aos candidatos inscritos, o resultado \u00e0s cotas de a\u00e7\u00f5es afirmativas e as condi\u00e7\u00f5es especiais para realiza\u00e7\u00e3o da prova.<\/p>\n<p>Clique<a href=\"https:\/\/pos-graduacao.uepb.edu.br\/profei\/download\/resultado-de-cotas-selecao-2022\/?wpdmdl=40&amp;masterkey=623a15a375c81\" target=\"_blank\" rel=\"noopener\"><strong> AQUI<\/strong> <\/a>e tenha acesso ao resultado.<\/p>\n","protected":false},"excerpt":{"rendered":"<p>O Conselho Gestor do Programa de P\u00f3s-Gradua\u00e7\u00e3o em Educa\u00e7\u00e3o Inclusiva \u2013 PROFEI no uso de suas atribui\u00e7\u00f5es legais que estabelece o regulamento do Programa do Processo Seletivo para o Exame Nacional de Acesso ao Curso de Mestrado Profissional em Educa\u00e7\u00e3o Inclusiva para o ano de 2022 DIVULGA aos candidatos inscritos, o resultado \u00e0s cotas de <a class=\"leiamais\" href=\"https:\/\/pos-graduacao.uepb.edu.br\/profei\/2022\/03\/22\/o-conselho-gestor-do-profei-divulga-resultado-as-cotas-para-selecao-2022\/\">Leia Mais&#8230;<\/a><\/p>\n","protected":false},"author":3,"featured_media":0,"comment_status":"open","ping_status":"open","sticky":false,"template":"","format":"standard","meta":{"footnotes":""},"categories":[3],"tags":[],"class_list":["post-41","post","type-post","status-publish","format-standard","hentry","category-noticias"],"_links":{"self":[{"href":"https:\/\/pos-graduacao.uepb.edu.br\/profei\/wp-json\/wp\/v2\/posts\/41","targetHints":{"allow":["GET"]}}],"collection":[{"href":"https:\/\/pos-graduacao.uepb.edu.br\/profei\/wp-json\/wp\/v2\/posts"}],"about":[{"href":"https:\/\/pos-graduacao.uepb.edu.br\/profei\/wp-json\/wp\/v2\/types\/post"}],"author":[{"embeddable":true,"href":"https:\/\/pos-graduacao.uepb.edu.br\/profei\/wp-json\/wp\/v2\/users\/3"}],"replies":[{"embeddable":true,"href":"https:\/\/pos-graduacao.uepb.edu.br\/profei\/wp-json\/wp\/v2\/comments?post=41"}],"version-history":[{"count":1,"href":"https:\/\/pos-graduacao.uepb.edu.br\/profei\/wp-json\/wp\/v2\/posts\/41\/revisions"}],"predecessor-version":[{"id":42,"href":"https:\/\/pos-graduacao.uepb.edu.br\/profei\/wp-json\/wp\/v2\/posts\/41\/revisions\/42"}],"wp:attachment":[{"href":"https:\/\/pos-graduacao.uepb.edu.br\/profei\/wp-json\/wp\/v2\/media?parent=41"}],"wp:term":[{"taxonomy":"category","embeddable":true,"href":"https:\/\/pos-graduacao.uepb.edu.br\/profei\/wp-json\/wp\/v2\/categories?post=41"},{"taxonomy":"post_tag","embeddable":true,"href":"https:\/\/pos-graduacao.uepb.edu.br\/profei\/wp-json\/wp\/v2\/tags?post=41"}],"curies":[{"name":"wp","href":"https:\/\/api.w.org\/{rel}","templated":true}]}}