{"id":4,"date":"2022-02-03T19:21:36","date_gmt":"2022-02-03T22:21:36","guid":{"rendered":"https:\/\/pos-graduacao.uepb.edu.br\/profei\/?p=4"},"modified":"2022-02-03T19:21:36","modified_gmt":"2022-02-03T22:21:36","slug":"consuni-aprova-adesao-da-uepb-ao-mestrado-profissional-em-educacao-inclusiva-em-rede-nacional","status":"publish","type":"post","link":"https:\/\/pos-graduacao.uepb.edu.br\/profei\/2022\/02\/03\/consuni-aprova-adesao-da-uepb-ao-mestrado-profissional-em-educacao-inclusiva-em-rede-nacional\/","title":{"rendered":"Consuni aprova ades\u00e3o da UEPB ao Mestrado Profissional em Educa\u00e7\u00e3o Inclusiva em Rede Nacional"},"content":{"rendered":"<p>Fortalecimento da p\u00f3s-gradua\u00e7\u00e3o, compromisso com educa\u00e7\u00e3o em todos os n\u00edveis, avan\u00e7o na pol\u00edtica de inclus\u00e3o, e contribui\u00e7\u00e3o com o atendimento da meta 16 do Plano Nacional de Educa\u00e7\u00e3o (PNE). Com esse olhar inovador e transformador, a Universidade Estadual da Para\u00edba (UEPB) aderiu nesta quinta-feira (9) ao Mestrado Profissional em Educa\u00e7\u00e3o Inclusiva em Rede Nacional (PROFEI).<\/p>\n<p>A proposta, encaminhada pela Pr\u00f3-Reitoria de P\u00f3s-Gradua\u00e7\u00e3o e Pesquisa (PRPGP) foi aprovada por unanimidade pelo Conselho Universit\u00e1rio (Consuni), em reuni\u00e3o extraordin\u00e1ria, realizada por videoconfer\u00eancia, presidida pela reitora C\u00e9lia Regina Diniz, com a participa\u00e7\u00e3o da vice-reitora, professora Ivonildes Fonseca.<\/p>\n<p>Na reuni\u00e3o, transmitida ao vivo pelo canal Rede UEPB no YouTube, os conselheiros e conselheiras debateram a import\u00e2ncia da proposta relatada pela professora Mel\u00e2nia Farias, considerada ousada e pioneira na Para\u00edba. Durante a reuni\u00e3o, os conselheiros destacaram a aprova\u00e7\u00e3o da ades\u00e3o como um marco na hist\u00f3ria da UEPB e enalteceram o trabalho da equipe que comp\u00f5e o N\u00facleo de Acessibilidade e Inclus\u00e3o (NAI), por meio do servidor t\u00e9cnico administrativo Alindembergue Oliveira, e do professor Eduardo Onofre, na constru\u00e7\u00e3o da proposta.<\/p>\n<p><img loading=\"lazy\" decoding=\"async\" class=\"alignnone size-full wp-image-73142 img-responsive\" src=\"https:\/\/uepb.edu.br\/wp-content\/uploads\/2021\/09\/Consuni-0909-02.jpg\" alt=\"\" width=\"857\" height=\"491\" \/>Em seu parecer, a conselheira Mel\u00e2nia Farias destacou que o PROFEI foi criado tendo em vista tanto o aumento expressivo de matr\u00edculas de pessoas com defici\u00eancia na Educa\u00e7\u00e3o B\u00e1sica e Superior, quanto na necessidade de forma\u00e7\u00e3o acad\u00eamico-profissional qualificada dos professores em todo o territ\u00f3rio nacional, em conson\u00e2ncia com as pol\u00edticas p\u00fablicas de inclus\u00e3o escolar e o uso das Tecnologias Digitais da Informa\u00e7\u00e3o e Comunica\u00e7\u00e3o. Ela enfatizou que as a\u00e7\u00f5es de coopera\u00e7\u00e3o e interc\u00e2mbio voltadas especificamente para a Educa\u00e7\u00e3o Inclusiva que vir\u00e3o a ser empreendidas e mantidas pelas IES participantes do PROFEI, acarretar\u00e3o, necessariamente, n\u00e3o s\u00f3 o fortalecimento e consolida\u00e7\u00e3o da p\u00f3s-gradua\u00e7\u00e3o e da pesquisa na UEPB, como tamb\u00e9m acarretar\u00e3o o cumprimento da miss\u00e3o social da Institui\u00e7\u00e3o.<\/p>\n<p>Ao engajar-se nestas a\u00e7\u00f5es, a UEPB, conforme observou a professora Mel\u00e2nia Farias, contribuir\u00e1 para a institucionaliza\u00e7\u00e3o das discuss\u00f5es e das pr\u00e1ticas em prol da forma\u00e7\u00e3o continuada de professores para a Educa\u00e7\u00e3o Inclusiva e a produ\u00e7\u00e3o de novos materiais e pr\u00e1ticas did\u00e1tico-pedag\u00f3gicas relacionados a este campo. \u201cAtrav\u00e9s desta ades\u00e3o a UEPB se reafirma como deposit\u00e1ria e criadora de conhecimento, como uma institui\u00e7\u00e3o social com voca\u00e7\u00e3o republicana, diferenciada e aut\u00f4noma, comprometida com a democracia e com a cidadania\u201d, destacou a professora.<\/p>\n<p><img loading=\"lazy\" decoding=\"async\" class=\"alignnone size-full wp-image-73143 img-responsive\" src=\"https:\/\/uepb.edu.br\/wp-content\/uploads\/2021\/09\/Consuni-0909-01.jpg\" alt=\"\" width=\"867\" height=\"494\" \/>A reitora da UEPB, professora C\u00e9lia Regina Diniz, n\u00e3o escondeu o contentamento pela aprova\u00e7\u00e3o da ades\u00e3o da UEPB ao PROFEI, e elogiou o parecer da relatora. Emocionada, a reitora disse ainda que como docentes \u00e9 preciso estar preparado para acolher pessoas com defici\u00eancia, e educ\u00e1-las, trabalhando a educa\u00e7\u00e3o inclusiva, o que segundo ela, \u00e9 uma miss\u00e3o. \u201cEste \u00e9 um momento muito gratificante que estamos vivenciando. Fico muito feliz e emocionada com tantas mensagens. Parece que a gente j\u00e1 conseguiu a ades\u00e3o no cora\u00e7\u00e3o. Eu acredito que com essa vontade certamente n\u00f3s vamos conseguir\u201d, destacou.<\/p>\n<p>A vice-reitora, professora Ivonildes Fonseca, tamb\u00e9m enalteceu a aprova\u00e7\u00e3o da proposta e disse que a ades\u00e3o da UEPB ao Mestrado mostra o compromisso da Institui\u00e7\u00e3o com todas as pessoas que ao longo do tempo, foram colocadas na invisibilidade e at\u00e9 em ambientes hostis pela sociedade. Ela refor\u00e7ou que a UEPB tem trabalhando para fazer propostas com ousadia e perseveran\u00e7a, valorizando todas as vidas.<\/p>\n<p><img loading=\"lazy\" decoding=\"async\" class=\"alignnone size-full wp-image-73140 img-responsive\" src=\"https:\/\/uepb.edu.br\/wp-content\/uploads\/2021\/09\/Consuni-0909-04.jpg\" alt=\"\" width=\"860\" height=\"489\" \/>O pr\u00f3-reitor de P\u00f3s-Gradua\u00e7\u00e3o e Pesquisa, professor Francisco Jaime, discorreu sobre a hist\u00f3ria da proposta de ades\u00e3o da UEPB e destacou a import\u00e2ncia da PROFEI para o fortalecimento da p\u00f3s-gradua\u00e7\u00e3o e o compromisso da Universidade para com a educa\u00e7\u00e3o inclusiva. Ele explicou que o processo ainda precisa ser submetido e aprovado pela Coordena\u00e7\u00e3o de Aperfei\u00e7oamento de Pessoal de N\u00edvel Superior (Capes), e que s\u00f3 ap\u00f3s a divulga\u00e7\u00e3o do resultado do edital dizendo quais s\u00e3o as institui\u00e7\u00f5es que foram credenciadas, \u00e9 que de fato a UEPB poder\u00e1 passar a fazer parte da Rede PROFEI.<\/p>\n<p>O professor Jaime tamb\u00e9m destacou o aspecto pioneiro da proposta na Para\u00edba. \u201cN\u00f3s somos a primeira institui\u00e7\u00e3o p\u00fablica do Estado a fazer a ades\u00e3o ao PROFEI. Por mais que tenham a\u00e7\u00f5es isoladas em alguns programas e projetos nessa \u00e1rea, esta \u00e9 a primeira vez que vamos ter linhas tem\u00e1ticas em educa\u00e7\u00e3o inclusiva\u201d, destacou o pr\u00f3-reitor de P\u00f3s-Gradua\u00e7\u00e3o e Pesquisa da UEPB.<\/p>\n<p>O Mestrado Profissional em Educa\u00e7\u00e3o Inclusiva em Rede Nacional (PROFEI) \u00e9 autorizado pela Capes e conta atualmente com oito institui\u00e7\u00f5es associadas distribu\u00eddas pelas cinco regi\u00f5es do Brasil, sob a coordena\u00e7\u00e3o geral da Universidade Estadual Paulista (UNESP).<\/p>\n<p><em><strong><img loading=\"lazy\" decoding=\"async\" class=\"alignnone size-full wp-image-73141 img-responsive\" src=\"https:\/\/uepb.edu.br\/wp-content\/uploads\/2021\/09\/Consuni-0909-03.jpg\" alt=\"\" width=\"856\" height=\"488\" \/>Texto:<\/strong> Severino Lopes<\/em><br \/>\n<em><strong>Fotos:<\/strong> Reprodu\u00e7\u00e3o Rede UEPB<\/em><\/p>\n","protected":false},"excerpt":{"rendered":"<p>Fortalecimento da p\u00f3s-gradua\u00e7\u00e3o, compromisso com educa\u00e7\u00e3o em todos os n\u00edveis, avan\u00e7o na pol\u00edtica de inclus\u00e3o, e contribui\u00e7\u00e3o com o atendimento da meta 16 do Plano Nacional de Educa\u00e7\u00e3o (PNE). Com esse olhar inovador e transformador, a Universidade Estadual da Para\u00edba (UEPB) aderiu nesta quinta-feira (9) ao Mestrado Profissional em Educa\u00e7\u00e3o Inclusiva em Rede Nacional (PROFEI). <a class=\"leiamais\" href=\"https:\/\/pos-graduacao.uepb.edu.br\/profei\/2022\/02\/03\/consuni-aprova-adesao-da-uepb-ao-mestrado-profissional-em-educacao-inclusiva-em-rede-nacional\/\">Leia Mais&#8230;<\/a><\/p>\n","protected":false},"author":5,"featured_media":0,"comment_status":"open","ping_status":"open","sticky":false,"template":"","format":"standard","meta":{"footnotes":""},"categories":[3],"tags":[],"class_list":["post-4","post","type-post","status-publish","format-standard","hentry","category-noticias"],"_links":{"self":[{"href":"https:\/\/pos-graduacao.uepb.edu.br\/profei\/wp-json\/wp\/v2\/posts\/4","targetHints":{"allow":["GET"]}}],"collection":[{"href":"https:\/\/pos-graduacao.uepb.edu.br\/profei\/wp-json\/wp\/v2\/posts"}],"about":[{"href":"https:\/\/pos-graduacao.uepb.edu.br\/profei\/wp-json\/wp\/v2\/types\/post"}],"author":[{"embeddable":true,"href":"https:\/\/pos-graduacao.uepb.edu.br\/profei\/wp-json\/wp\/v2\/users\/5"}],"replies":[{"embeddable":true,"href":"https:\/\/pos-graduacao.uepb.edu.br\/profei\/wp-json\/wp\/v2\/comments?post=4"}],"version-history":[{"count":1,"href":"https:\/\/pos-graduacao.uepb.edu.br\/profei\/wp-json\/wp\/v2\/posts\/4\/revisions"}],"predecessor-version":[{"id":5,"href":"https:\/\/pos-graduacao.uepb.edu.br\/profei\/wp-json\/wp\/v2\/posts\/4\/revisions\/5"}],"wp:attachment":[{"href":"https:\/\/pos-graduacao.uepb.edu.br\/profei\/wp-json\/wp\/v2\/media?parent=4"}],"wp:term":[{"taxonomy":"category","embeddable":true,"href":"https:\/\/pos-graduacao.uepb.edu.br\/profei\/wp-json\/wp\/v2\/categories?post=4"},{"taxonomy":"post_tag","embeddable":true,"href":"https:\/\/pos-graduacao.uepb.edu.br\/profei\/wp-json\/wp\/v2\/tags?post=4"}],"curies":[{"name":"wp","href":"https:\/\/api.w.org\/{rel}","templated":true}]}}