{"id":325,"date":"2023-01-21T10:50:13","date_gmt":"2023-01-21T13:50:13","guid":{"rendered":"https:\/\/pos-graduacao.uepb.edu.br\/profei\/?p=325"},"modified":"2023-05-12T13:38:44","modified_gmt":"2023-05-12T16:38:44","slug":"processo-seletivo-2023-edital-15-2022-resultado-das-incricoes-de-cotas-de-acoes-afirmativas","status":"publish","type":"post","link":"https:\/\/pos-graduacao.uepb.edu.br\/profei\/2023\/01\/21\/processo-seletivo-2023-edital-15-2022-resultado-das-incricoes-de-cotas-de-acoes-afirmativas\/","title":{"rendered":"Processo Seletivo 2023 &#8211; Edital 15\/2022"},"content":{"rendered":"<div class=\"wpb-content-wrapper\"><p>[vc_row][vc_column][vc_column_text]<\/p>\n<p style=\"text-align: center\"><strong>Programa de Mestrado Profissional em Educa\u00e7\u00e3o Inclusiva &#8211; PROFEI<\/strong><\/p>\n<p style=\"text-align: center\"><strong>Processo Seletivo para II Turma<br \/>\n<\/strong><\/p>\n<p class=\"Default\"><strong><a href=\"https:\/\/pos-graduacao.uepb.edu.br\/profei\/files\/2022\/12\/EDITAL-DE-ABERTURA-DE-INSCRICOES-No-15.2022.pdf\">Edital de abertura de inscri\u00e7\u00f5es n<\/a><a href=\"https:\/\/pos-graduacao.uepb.edu.br\/profei\/files\/2022\/12\/EDITAL-DE-ABERTURA-DE-INSCRICOES-No-15.2022.pdf\">\u00ba 15\/2022<\/a><\/strong><\/p>\n<p class=\"Default\"><strong><a href=\"https:\/\/pos-graduacao.uepb.edu.br\/profei\/files\/2022\/12\/EDITAL-No-152022-DE-PRORROGACAO-DO-PRAZO-DAS-INSCRICOES.pdf\">Edital n\u00ba 15\/2022 de prorroga\u00e7\u00e3o do prazo das inscri\u00e7\u00f5es<\/a><\/strong><\/p>\n<p class=\"Default\"><strong><a href=\"https:\/\/pos-graduacao.uepb.edu.br\/profei\/files\/2023\/01\/RESULTADO-DAS-INCRICOES-DE-COTAS-DE-ACOES-AFIRMATIVAS.pdf\">Resultado das inscri\u00e7\u00f5es de cotas de a\u00e7\u00f5es afirmativas<\/a><\/strong><\/p>\n<p class=\"Default\"><strong><a href=\"https:\/\/pos-graduacao.uepb.edu.br\/profei\/files\/2023\/01\/EDITAL-DE-RETIFICACAO-DO-ANEXO-IV-CRONOGRAMA-PREVISTO.pdf\">Edital de retifica\u00e7\u00e3o do Anexo IV &#8211; Cronograma previsto<\/a><\/strong><\/p>\n<p class=\"Default\"><strong><a href=\"https:\/\/pos-graduacao.uepb.edu.br\/profei\/files\/2023\/01\/Divulgacao-recurso-cotas-afirmativas.pdf\">Edital de divulga\u00e7\u00e3o da an\u00e1lise de recurso e resultado complementar<\/a><\/strong><\/p>\n<p class=\"Default\"><strong><a href=\"https:\/\/pos-graduacao.uepb.edu.br\/profei\/download\/edital-de-divulgacao-da-nota-da-documentacao\/?wpdmdl=376&amp;masterkey=yaGfluZf-c4Ugv1rpxTMkzFRgbZZoNszLPmWD88EKwiKQH1QaYRqHzLnndKQZee0Mm2uV97DLP4HmIiX1KoXpKnKUyeUE6yZAVtzZMUcUng\">Edital de divulga\u00e7\u00e3o da nota da documenta\u00e7\u00e3o<\/a><\/strong><\/p>\n<p class=\"Default\"><strong><a href=\"https:\/\/pos-graduacao.uepb.edu.br\/profei\/download\/edital-de-divulgacao-da-analise-de-recurso-e-da-nota-do-projeto-de-pesquisa\/\">Edital de divulga\u00e7\u00e3o da an\u00e1lise de recurso e da nota do projeto de pesquisa<\/a><\/strong><\/p>\n<p><strong><a href=\"https:\/\/pos-graduacao.uepb.edu.br\/profei\/download\/analise-de-recurso-projeto-de-pesquisa-e-convocados-para-entrevista\/\">Edital de divulga\u00e7\u00e3o da an\u00e1lise de recurso e convoca\u00e7\u00e3o para entrevista<\/a><\/strong><\/p>\n<p><strong><a href=\"https:\/\/pos-graduacao.uepb.edu.br\/profei\/download\/edital-de-convocacao-para-a-entrevista\/\">Edital de convoca\u00e7\u00e3o para a entrevista<\/a><\/strong><\/p>\n<p><strong><a href=\"https:\/\/pos-graduacao.uepb.edu.br\/profei\/download\/edital-de-divulgacao-nota-entrevista-classificacao-previa\/\">Edital de divulga\u00e7\u00e3o das notas das entrevistas &#8211; Classifica\u00e7\u00e3o Pr\u00e9via<\/a><\/strong><\/p>\n<p><a href=\"https:\/\/pos-graduacao.uepb.edu.br\/profei\/download\/resultado-da-banca-de-heteroidentificacao\/\"><strong>Resultado da banca de heteroidentifica\u00e7\u00e3o<\/strong><\/a><\/p>\n<p><a href=\"https:\/\/pos-graduacao.uepb.edu.br\/profei\/download\/edital-de-divulgacao-da-analise-de-recurso-e-da-classificacao-definitiva\/\"><strong>Edital de divulga\u00e7\u00e3o da an\u00e1lise de recurso e da classifica\u00e7\u00e3o definitiva<\/strong><\/a><\/p>\n<p>26 de abril de 2023 &#8211; Convoca\u00e7\u00e3o para realiza\u00e7\u00e3o da matr\u00edcula institucional<strong><br \/>\n<\/strong><\/p>\n<p><a href=\"https:\/\/pos-graduacao.uepb.edu.br\/profei\/download\/edital-de-convocacao-para-realizacao-das-matriculas\/\"><strong>Edital de convoca\u00e7\u00e3o para realiza\u00e7\u00e3o da matr\u00edcula institucional<\/strong><\/a><\/p>\n<p><a href=\"https:\/\/pos-graduacao.uepb.edu.br\/profei\/download\/formulario-de-matricula\/\"><strong>Formul\u00e1rio de matr\u00edcula<\/strong><\/a><\/p>\n<p><a href=\"https:\/\/pos-graduacao.uepb.edu.br\/profei\/download\/declaracao-certidao-de-vinculo-empregaticio\/\"><strong>Modelo de Declara\u00e7\u00e3o de professor efetivo<\/strong><\/a><\/p>\n<p>06 de maio de 2023 &#8211; Divulga\u00e7\u00e3o do Edital de Bolsas<\/p>\n<p><a href=\"https:\/\/pos-graduacao.uepb.edu.br\/profei\/download\/edital-de-bolsas-capes-2023\/\"><strong>Edital de Bolsas CAPES &#8211; 2023<\/strong><\/a><\/p>\n<p><a href=\"https:\/\/pos-graduacao.uepb.edu.br\/profei\/download\/divulgacao-do-resultado-do-edital-de-bolsas-capes\/\"><strong>Divulga\u00e7\u00e3o do Resultado do Edital de Bolsas<\/strong><\/a><\/p>\n<\/div>","protected":false},"excerpt":{"rendered":"<p>[vc_row][vc_column][vc_column_text] Programa de Mestrado Profissional em Educa\u00e7\u00e3o Inclusiva &#8211; PROFEI Processo Seletivo para II Turma Edital de abertura de inscri\u00e7\u00f5es n\u00ba 15\/2022 Edital n\u00ba 15\/2022 de prorroga\u00e7\u00e3o do prazo das inscri\u00e7\u00f5es Resultado das inscri\u00e7\u00f5es de cotas de a\u00e7\u00f5es afirmativas Edital de retifica\u00e7\u00e3o do Anexo IV &#8211; Cronograma previsto Edital de divulga\u00e7\u00e3o da an\u00e1lise de recurso <a class=\"leiamais\" href=\"https:\/\/pos-graduacao.uepb.edu.br\/profei\/2023\/01\/21\/processo-seletivo-2023-edital-15-2022-resultado-das-incricoes-de-cotas-de-acoes-afirmativas\/\">Leia Mais&#8230;<\/a><\/p>\n","protected":false},"author":68,"featured_media":0,"comment_status":"open","ping_status":"open","sticky":false,"template":"","format":"standard","meta":{"footnotes":""},"categories":[3],"tags":[],"class_list":["post-325","post","type-post","status-publish","format-standard","hentry","category-noticias"],"_links":{"self":[{"href":"https:\/\/pos-graduacao.uepb.edu.br\/profei\/wp-json\/wp\/v2\/posts\/325","targetHints":{"allow":["GET"]}}],"collection":[{"href":"https:\/\/pos-graduacao.uepb.edu.br\/profei\/wp-json\/wp\/v2\/posts"}],"about":[{"href":"https:\/\/pos-graduacao.uepb.edu.br\/profei\/wp-json\/wp\/v2\/types\/post"}],"author":[{"embeddable":true,"href":"https:\/\/pos-graduacao.uepb.edu.br\/profei\/wp-json\/wp\/v2\/users\/68"}],"replies":[{"embeddable":true,"href":"https:\/\/pos-graduacao.uepb.edu.br\/profei\/wp-json\/wp\/v2\/comments?post=325"}],"version-history":[{"count":40,"href":"https:\/\/pos-graduacao.uepb.edu.br\/profei\/wp-json\/wp\/v2\/posts\/325\/revisions"}],"predecessor-version":[{"id":507,"href":"https:\/\/pos-graduacao.uepb.edu.br\/profei\/wp-json\/wp\/v2\/posts\/325\/revisions\/507"}],"wp:attachment":[{"href":"https:\/\/pos-graduacao.uepb.edu.br\/profei\/wp-json\/wp\/v2\/media?parent=325"}],"wp:term":[{"taxonomy":"category","embeddable":true,"href":"https:\/\/pos-graduacao.uepb.edu.br\/profei\/wp-json\/wp\/v2\/categories?post=325"},{"taxonomy":"post_tag","embeddable":true,"href":"https:\/\/pos-graduacao.uepb.edu.br\/profei\/wp-json\/wp\/v2\/tags?post=325"}],"curies":[{"name":"wp","href":"https:\/\/api.w.org\/{rel}","templated":true}]}}