{"id":308,"date":"2022-12-15T12:28:36","date_gmt":"2022-12-15T15:28:36","guid":{"rendered":"https:\/\/pos-graduacao.uepb.edu.br\/profei\/?p=308"},"modified":"2023-01-09T21:29:03","modified_gmt":"2023-01-10T00:29:03","slug":"processo-seletivo-profei-2023","status":"publish","type":"post","link":"https:\/\/pos-graduacao.uepb.edu.br\/profei\/2022\/12\/15\/processo-seletivo-profei-2023\/","title":{"rendered":"Processo Seletivo &#8211; PROFEI 3\u00aa turma 2023 &#8211; INSCRI\u00c7\u00d5ES PRORROGADAS"},"content":{"rendered":"<p><img loading=\"lazy\" decoding=\"async\" class=\"alignnone wp-image-320 size-full img-responsive\" src=\"https:\/\/pos-graduacao.uepb.edu.br\/profei\/files\/2022\/12\/Processo_Seletivo_GERAL-1024x961-1.jpg\" alt=\"\" width=\"1024\" height=\"961\" srcset=\"https:\/\/pos-graduacao.uepb.edu.br\/profei\/files\/2022\/12\/Processo_Seletivo_GERAL-1024x961-1.jpg 1024w, https:\/\/pos-graduacao.uepb.edu.br\/profei\/files\/2022\/12\/Processo_Seletivo_GERAL-1024x961-1-300x282.jpg 300w, https:\/\/pos-graduacao.uepb.edu.br\/profei\/files\/2022\/12\/Processo_Seletivo_GERAL-1024x961-1-768x721.jpg 768w, https:\/\/pos-graduacao.uepb.edu.br\/profei\/files\/2022\/12\/Processo_Seletivo_GERAL-1024x961-1-370x347.jpg 370w, https:\/\/pos-graduacao.uepb.edu.br\/profei\/files\/2022\/12\/Processo_Seletivo_GERAL-1024x961-1-840x788.jpg 840w\" sizes=\"auto, (max-width: 1024px) 100vw, 1024px\" \/><\/p>\n<p>O Mestrado Profissional em Educa\u00e7\u00e3o Inclusiva (PROFEI) <strong>TORNA P\u00daBLICO <\/strong>o Processo Seletivo para o Exame Nacional de Acesso ao Curso de Mestrado Profissional em Educa\u00e7\u00e3o Inclusiva para o ano de<strong> 2023 <\/strong>sob organiza\u00e7\u00e3o e aplica\u00e7\u00e3o da Funda\u00e7\u00e3o para o Vestibular da Universidade Estadual Paulista \u201cJ\u00falio de Mesquita Filho\u201d \u2013 Funda\u00e7\u00e3o VUNESP.<\/p>\n<p style=\"text-align: left\">O PROFEI \u00e9 um curso com encontros oferecidos no formato do <strong>Ensino H\u00edbrido<\/strong>, e com suas aulas presenciais agendadas previamente pelos docentes respons\u00e1veis pela disciplina.<\/p>\n<p style=\"text-align: left\">A <strong>Universidade Estadual da Para\u00edba oferta 8 (oito) vagas<\/strong> distribu\u00eddas da seguinte forma: \u00a06 vagas para ampla concorr\u00eancia e 2 vagas reservadas \u00e0s cotas de a\u00e7\u00f5es afirmativas para candidatos autodeclarados pretos, pardos, ind\u00edgenas, quilombolas e candidatos com defici\u00eancia.<\/p>\n<p style=\"text-align: left\">Poder\u00e3o inscrever-se para este Processo Seletivo <strong>somente profissionais da educa\u00e7\u00e3o<\/strong>, com diploma em licenciatura, <strong>concursados como professores efetivos<\/strong> de educa\u00e7\u00e3o b\u00e1sica em rede p\u00fablica municipal, estadual e federal de ensino e que <strong>estejam em efetivo exerc\u00edcio<\/strong> em sala de aula que seja: sala regular ou de atendimento educacional especializado na modalidade de sala de recursos multifuncional ou de ensino colaborativo; ou de itiner\u00e2ncia ou Centros de AEE ou de Educa\u00e7\u00e3o Especial que realizem interven\u00e7\u00f5es de apoio educacional especializado.<\/p>\n<p><strong>A inscri\u00e7\u00e3o dever\u00e1 ser efetuada no per\u00edodo de 19 de dezembro de 2022 a 19 de janeiro de 2023, das 8h:30min \u00e0s 23h:59min (hor\u00e1rio de Bras\u00edlia) exclusivamente pela internet no site <a href=\"http:\/\/www.vunesp.com.br\">www.vunesp.com.br<\/a><\/strong><\/p>\n<p><strong><a href=\"https:\/\/pos-graduacao.uepb.edu.br\/profei\/files\/2022\/12\/EDITAL-DE-ABERTURA-DE-INSCRICOES-No-15.2022.pdf\">EDITAL DE ABERTURA DE INSCRI\u00c7\u00d5ES N\u00ba 15.2022<\/a><\/strong><\/p>\n<p><strong><a href=\"https:\/\/pos-graduacao.uepb.edu.br\/profei\/files\/2022\/12\/EDITAL-No-152022-DE-PRORROGACAO-DO-PRAZO-DAS-INSCRICOES.pdf\">EDITAL N\u00ba 15.2022 DE PRORROGA\u00c7\u00c3O DO PRAZO DAS INSCRI\u00c7\u00d5ES<\/a><\/strong><\/p>\n","protected":false},"excerpt":{"rendered":"<p>O Mestrado Profissional em Educa\u00e7\u00e3o Inclusiva (PROFEI) TORNA P\u00daBLICO o Processo Seletivo para o Exame Nacional de Acesso ao Curso de Mestrado Profissional em Educa\u00e7\u00e3o Inclusiva para o ano de 2023 sob organiza\u00e7\u00e3o e aplica\u00e7\u00e3o da Funda\u00e7\u00e3o para o Vestibular da Universidade Estadual Paulista \u201cJ\u00falio de Mesquita Filho\u201d \u2013 Funda\u00e7\u00e3o VUNESP. O PROFEI \u00e9 um <a class=\"leiamais\" href=\"https:\/\/pos-graduacao.uepb.edu.br\/profei\/2022\/12\/15\/processo-seletivo-profei-2023\/\">Leia Mais&#8230;<\/a><\/p>\n","protected":false},"author":68,"featured_media":0,"comment_status":"open","ping_status":"open","sticky":false,"template":"","format":"standard","meta":{"footnotes":""},"categories":[3],"tags":[],"class_list":["post-308","post","type-post","status-publish","format-standard","hentry","category-noticias"],"_links":{"self":[{"href":"https:\/\/pos-graduacao.uepb.edu.br\/profei\/wp-json\/wp\/v2\/posts\/308","targetHints":{"allow":["GET"]}}],"collection":[{"href":"https:\/\/pos-graduacao.uepb.edu.br\/profei\/wp-json\/wp\/v2\/posts"}],"about":[{"href":"https:\/\/pos-graduacao.uepb.edu.br\/profei\/wp-json\/wp\/v2\/types\/post"}],"author":[{"embeddable":true,"href":"https:\/\/pos-graduacao.uepb.edu.br\/profei\/wp-json\/wp\/v2\/users\/68"}],"replies":[{"embeddable":true,"href":"https:\/\/pos-graduacao.uepb.edu.br\/profei\/wp-json\/wp\/v2\/comments?post=308"}],"version-history":[{"count":10,"href":"https:\/\/pos-graduacao.uepb.edu.br\/profei\/wp-json\/wp\/v2\/posts\/308\/revisions"}],"predecessor-version":[{"id":313,"href":"https:\/\/pos-graduacao.uepb.edu.br\/profei\/wp-json\/wp\/v2\/posts\/308\/revisions\/313"}],"wp:attachment":[{"href":"https:\/\/pos-graduacao.uepb.edu.br\/profei\/wp-json\/wp\/v2\/media?parent=308"}],"wp:term":[{"taxonomy":"category","embeddable":true,"href":"https:\/\/pos-graduacao.uepb.edu.br\/profei\/wp-json\/wp\/v2\/categories?post=308"},{"taxonomy":"post_tag","embeddable":true,"href":"https:\/\/pos-graduacao.uepb.edu.br\/profei\/wp-json\/wp\/v2\/tags?post=308"}],"curies":[{"name":"wp","href":"https:\/\/api.w.org\/{rel}","templated":true}]}}