{"id":293,"date":"2022-11-09T10:49:34","date_gmt":"2022-11-09T13:49:34","guid":{"rendered":"https:\/\/pos-graduacao.uepb.edu.br\/profei\/?p=293"},"modified":"2022-11-09T10:49:34","modified_gmt":"2022-11-09T13:49:34","slug":"discente-do-profei-uepb-ministra-minicurso-sobre-comunidade-quilombola","status":"publish","type":"post","link":"https:\/\/pos-graduacao.uepb.edu.br\/profei\/2022\/11\/09\/discente-do-profei-uepb-ministra-minicurso-sobre-comunidade-quilombola\/","title":{"rendered":"Discente do PROFEI\/UEPB ministra minicurso sobre Comunidade Quilombola."},"content":{"rendered":"<p><img decoding=\"async\" class=\"aligncenter img-responsive\" src=\"https:\/\/images.even3.com.br\/PAGz5fiYkup1CQ3BBiVHv9wQ9Vk=\/150x150\/smart\/even3.blob.core.windows.net\/geral\/WhatsAppImage2022-11-04at17.11.11.b28302f2608c42cfaaee.jpeg\" \/><\/p>\n<p>A discente do Programa de P\u00f3s-Gradua\u00e7\u00e3o em Educa\u00e7\u00e3o Inclusiva &#8211; PROFEI\/UEPB, J\u00e9ssica Maria Dornelas de Souza Marques, ministrar\u00e1 um minicurso intitulado &#8220;Comunidade Quilombola de S\u00e3o Louren\u00e7o &#8211; Goiana &#8211; PE: a hist\u00f3ria que se conta&#8221;, no dia 10 de novembro de 2022, das 19h \u00e0s 21h, via google.meet. A referida atividade faz parte do II Congresso Universit\u00e1rio da UEPB.\u00a0 Participaram desta atividade alunos (as) da gradua\u00e7\u00e3o e da p\u00f3s-gradua\u00e7\u00e3o da UEPB, inscritos (as) no mencionado evento cient\u00edfico.<\/p>\n","protected":false},"excerpt":{"rendered":"<p>A discente do Programa de P\u00f3s-Gradua\u00e7\u00e3o em Educa\u00e7\u00e3o Inclusiva &#8211; PROFEI\/UEPB, J\u00e9ssica Maria Dornelas de Souza Marques, ministrar\u00e1 um minicurso intitulado &#8220;Comunidade Quilombola de S\u00e3o Louren\u00e7o &#8211; Goiana &#8211; PE: a hist\u00f3ria que se conta&#8221;, no dia 10 de novembro de 2022, das 19h \u00e0s 21h, via google.meet. A referida atividade faz parte do II <a class=\"leiamais\" href=\"https:\/\/pos-graduacao.uepb.edu.br\/profei\/2022\/11\/09\/discente-do-profei-uepb-ministra-minicurso-sobre-comunidade-quilombola\/\">Leia Mais&#8230;<\/a><\/p>\n","protected":false},"author":66,"featured_media":0,"comment_status":"open","ping_status":"open","sticky":false,"template":"","format":"standard","meta":{"footnotes":""},"categories":[3],"tags":[],"class_list":["post-293","post","type-post","status-publish","format-standard","hentry","category-noticias"],"_links":{"self":[{"href":"https:\/\/pos-graduacao.uepb.edu.br\/profei\/wp-json\/wp\/v2\/posts\/293","targetHints":{"allow":["GET"]}}],"collection":[{"href":"https:\/\/pos-graduacao.uepb.edu.br\/profei\/wp-json\/wp\/v2\/posts"}],"about":[{"href":"https:\/\/pos-graduacao.uepb.edu.br\/profei\/wp-json\/wp\/v2\/types\/post"}],"author":[{"embeddable":true,"href":"https:\/\/pos-graduacao.uepb.edu.br\/profei\/wp-json\/wp\/v2\/users\/66"}],"replies":[{"embeddable":true,"href":"https:\/\/pos-graduacao.uepb.edu.br\/profei\/wp-json\/wp\/v2\/comments?post=293"}],"version-history":[{"count":1,"href":"https:\/\/pos-graduacao.uepb.edu.br\/profei\/wp-json\/wp\/v2\/posts\/293\/revisions"}],"predecessor-version":[{"id":294,"href":"https:\/\/pos-graduacao.uepb.edu.br\/profei\/wp-json\/wp\/v2\/posts\/293\/revisions\/294"}],"wp:attachment":[{"href":"https:\/\/pos-graduacao.uepb.edu.br\/profei\/wp-json\/wp\/v2\/media?parent=293"}],"wp:term":[{"taxonomy":"category","embeddable":true,"href":"https:\/\/pos-graduacao.uepb.edu.br\/profei\/wp-json\/wp\/v2\/categories?post=293"},{"taxonomy":"post_tag","embeddable":true,"href":"https:\/\/pos-graduacao.uepb.edu.br\/profei\/wp-json\/wp\/v2\/tags?post=293"}],"curies":[{"name":"wp","href":"https:\/\/api.w.org\/{rel}","templated":true}]}}