{"id":247,"date":"2022-10-25T08:08:49","date_gmt":"2022-10-25T11:08:49","guid":{"rendered":"https:\/\/pos-graduacao.uepb.edu.br\/profei\/?p=247"},"modified":"2022-10-25T08:47:11","modified_gmt":"2022-10-25T11:47:11","slug":"convocacao-para-realizacao-da-matricula-profei-2022-2","status":"publish","type":"post","link":"https:\/\/pos-graduacao.uepb.edu.br\/profei\/2022\/10\/25\/convocacao-para-realizacao-da-matricula-profei-2022-2\/","title":{"rendered":"CONVOCA\u00c7\u00c3O PARA REALIZA\u00c7\u00c3O DA MATR\u00cdCULA-PROFEI 2022"},"content":{"rendered":"<p>O Programa de P\u00f3s-Gradua\u00e7\u00e3o em Mestrado Profissional em Educa\u00e7\u00e3o Inclusiva DIVULGA o EDITAL DE CONVOCA\u00c7\u00c3O para a realiza\u00e7\u00e3o da matr\u00edcula para uma vaga remanescente, no dia <strong>25\u00a0de outubro de 2022<\/strong>. Todos os documentos dever\u00e3o ser encaminhados para o e-mail do PROFEI-UEPB Campus de Campina Grande-PB (profei@setor.uepb.edu.br).<\/p>\n<p><a href=\"https:\/\/pos-graduacao.uepb.edu.br\/profei\/files\/2022\/10\/EDITAL-DE-CONVOCACAO-No-02.2022-1.pdf\">EDITAL DE CONVOCA\u00c7\u00c3O N\u00ba 02.2022<\/a><\/p>\n<p><a href=\"https:\/\/pos-graduacao.uepb.edu.br\/profei\/files\/2022\/10\/FORMULARIO-PARA-INSERCAO-DE-DADOS-NO-SCAPG.pdf\">FORMUL\u00c1RIO PARA INSER\u00c7\u00c3O DE DADOS NO SCAPG<\/a><\/p>\n","protected":false},"excerpt":{"rendered":"<p>O Programa de P\u00f3s-Gradua\u00e7\u00e3o em Mestrado Profissional em Educa\u00e7\u00e3o Inclusiva DIVULGA o EDITAL DE CONVOCA\u00c7\u00c3O para a realiza\u00e7\u00e3o da matr\u00edcula para uma vaga remanescente, no dia 25\u00a0de outubro de 2022. Todos os documentos dever\u00e3o ser encaminhados para o e-mail do PROFEI-UEPB Campus de Campina Grande-PB (profei@setor.uepb.edu.br). EDITAL DE CONVOCA\u00c7\u00c3O N\u00ba 02.2022 FORMUL\u00c1RIO PARA INSER\u00c7\u00c3O DE <a class=\"leiamais\" href=\"https:\/\/pos-graduacao.uepb.edu.br\/profei\/2022\/10\/25\/convocacao-para-realizacao-da-matricula-profei-2022-2\/\">Leia Mais&#8230;<\/a><\/p>\n","protected":false},"author":66,"featured_media":0,"comment_status":"open","ping_status":"open","sticky":false,"template":"","format":"standard","meta":{"footnotes":""},"categories":[3],"tags":[],"class_list":["post-247","post","type-post","status-publish","format-standard","hentry","category-noticias"],"_links":{"self":[{"href":"https:\/\/pos-graduacao.uepb.edu.br\/profei\/wp-json\/wp\/v2\/posts\/247","targetHints":{"allow":["GET"]}}],"collection":[{"href":"https:\/\/pos-graduacao.uepb.edu.br\/profei\/wp-json\/wp\/v2\/posts"}],"about":[{"href":"https:\/\/pos-graduacao.uepb.edu.br\/profei\/wp-json\/wp\/v2\/types\/post"}],"author":[{"embeddable":true,"href":"https:\/\/pos-graduacao.uepb.edu.br\/profei\/wp-json\/wp\/v2\/users\/66"}],"replies":[{"embeddable":true,"href":"https:\/\/pos-graduacao.uepb.edu.br\/profei\/wp-json\/wp\/v2\/comments?post=247"}],"version-history":[{"count":3,"href":"https:\/\/pos-graduacao.uepb.edu.br\/profei\/wp-json\/wp\/v2\/posts\/247\/revisions"}],"predecessor-version":[{"id":254,"href":"https:\/\/pos-graduacao.uepb.edu.br\/profei\/wp-json\/wp\/v2\/posts\/247\/revisions\/254"}],"wp:attachment":[{"href":"https:\/\/pos-graduacao.uepb.edu.br\/profei\/wp-json\/wp\/v2\/media?parent=247"}],"wp:term":[{"taxonomy":"category","embeddable":true,"href":"https:\/\/pos-graduacao.uepb.edu.br\/profei\/wp-json\/wp\/v2\/categories?post=247"},{"taxonomy":"post_tag","embeddable":true,"href":"https:\/\/pos-graduacao.uepb.edu.br\/profei\/wp-json\/wp\/v2\/tags?post=247"}],"curies":[{"name":"wp","href":"https:\/\/api.w.org\/{rel}","templated":true}]}}